{"id":86439,"date":"2025-11-01T13:11:00","date_gmt":"2025-11-01T19:11:00","guid":{"rendered":"https:\/\/zonaroja.com.mx\/?p=86439"},"modified":"2025-11-01T08:12:49","modified_gmt":"2025-11-01T14:12:49","slug":"vuelo-de-jetblue-que-salio-de-cancun-aterrizo-de-emergencia-en-florida-hay-lesionados","status":"publish","type":"post","link":"https:\/\/zonaroja.com.mx\/?p=86439","title":{"rendered":"Vuelo de JetBlue que sali\u00f3 de Canc\u00fan aterriz\u00f3 de emergencia en Florida; hay lesionados"},"content":{"rendered":"\n<p>Redacci\u00f3n\/Zona Roja Cdmx<\/p>\n\n\n\n<p>(Informaci\u00f3n de \u201cEl Financiero\u201d)<\/p>\n\n\n\n<p>Ciudad de M\u00e9xico, a 31 de octubre de 2025.- Pasajeros de JetBlue fueron hospitalizados tras una repentina p\u00e9rdida de altitud este jueves 30 de octubre, en un vuelo proveniente de M\u00e9xico, el cual tuvo que aterrizar de emergencia en Florida, informaron autoridades de Estados Unidos.<\/p>\n\n\n\n<p>El vuelo desde Canc\u00fan, Quintana Roo, se dirig\u00eda a Newark, Nueva Jersey, cuando se produjo la p\u00e9rdida de altitud. La Administraci\u00f3n Federal de Aviaci\u00f3n (FAA, por sus siglas en ingl\u00e9s) manifest\u00f3 en un comunicado que est\u00e1 investigando.<\/p>\n\n\n\n<p>El Airbus A320 fue desviado al Aeropuerto Internacional de Tampa Bay, Florida, aproximadamente a las 14:00 horas de este jueves, seg\u00fan la FAA.<\/p>\n\n\n\n<p>Hasta el momento no estaba claro cu\u00e1ntas personas resultaron heridas ni cu\u00e1n graves eran sus lesiones. Audio de tr\u00e1fico a\u00e9reo difundido en LiveATC.net inclu\u00eda una llamada de radio reportando las lesiones.<\/p>\n\n\n\n<p>\u201cTenemos al menos tres personas heridas. Parece que tal vez es una laceraci\u00f3n en la cabeza\u201d.<\/p>\n\n\n\n<p>Personal m\u00e9dico evalu\u00f3 a los pasajeros y tripulantes en el aeropuerto antes de que algunos fueran llevados a hospitales, inform\u00f3 JetBlue.<\/p>\n\n\n\n<p>\u201cNuestro equipo ha retirado la aeronave del servicio para inspecci\u00f3n, y llevaremos a cabo una investigaci\u00f3n completa para determinar la causa\u201d, expres\u00f3 la aerol\u00ednea en un comunicado.<\/p>\n\n\n\n<p>\u201cLa seguridad de nuestros clientes y tripulantes es siempre nuestra primera prioridad, y trabajaremos para apoyar a los involucrados\u201d.<\/p>\n\n\n\n<p>La gobernadora de Quintana Roo, Mara Lezama, indic\u00f3 que su administraci\u00f3n se mantiene al tanto del incidente y en comunicaci\u00f3n con la aerol\u00ednea JetBlue, para que, en caso de haber ciudadanos mexicanos entre los lesionados, brindar el apoyo necesario.<\/p>\n\n\n\n<p>\u201cRespecto al vuelo con origen Canc\u00fan y destino Newark, que realiz\u00f3 un aterrizaje de emergencia en Tampa, Florida, tras una ca\u00edda de altitud, se informa lo siguiente:JetBlue report\u00f3 que el vuelo fue recibido por personal m\u00e9dico, quien evalu\u00f3 a los pasajeros y a la tripulaci\u00f3n.<\/p>\n\n\n\n<p>(Informaci\u00f3n de AP)<\/p>\n","protected":false},"excerpt":{"rendered":"<p>Redacci\u00f3n\/Zona Roja Cdmx (Informaci\u00f3n de \u201cEl Financiero\u201d) Ciudad de M\u00e9xico, a 31 de octubre de&hellip;<\/p>\n","protected":false},"author":2,"featured_media":86440,"comment_status":"closed","ping_status":"open","sticky":false,"template":"","format":"standard","meta":{"_lmt_disableupdate":"","_lmt_disable":"","_jetpack_memberships_contains_paid_content":false,"footnotes":""},"categories":[109,47],"tags":[],"class_list":["post-86439","post","type-post","status-publish","format-standard","has-post-thumbnail","hentry","category-minuto-a-minuto","category-zona-gris"],"jetpack_featured_media_url":"https:\/\/zonaroja.com.mx\/wp-content\/uploads\/2025\/11\/Vuelo-Jet-Blue.webp","jetpack_sharing_enabled":true,"_links":{"self":[{"href":"https:\/\/zonaroja.com.mx\/index.php?rest_route=\/wp\/v2\/posts\/86439","targetHints":{"allow":["GET"]}}],"collection":[{"href":"https:\/\/zonaroja.com.mx\/index.php?rest_route=\/wp\/v2\/posts"}],"about":[{"href":"https:\/\/zonaroja.com.mx\/index.php?rest_route=\/wp\/v2\/types\/post"}],"author":[{"embeddable":true,"href":"https:\/\/zonaroja.com.mx\/index.php?rest_route=\/wp\/v2\/users\/2"}],"replies":[{"embeddable":true,"href":"https:\/\/zonaroja.com.mx\/index.php?rest_route=%2Fwp%2Fv2%2Fcomments&post=86439"}],"version-history":[{"count":1,"href":"https:\/\/zonaroja.com.mx\/index.php?rest_route=\/wp\/v2\/posts\/86439\/revisions"}],"predecessor-version":[{"id":86441,"href":"https:\/\/zonaroja.com.mx\/index.php?rest_route=\/wp\/v2\/posts\/86439\/revisions\/86441"}],"wp:featuredmedia":[{"embeddable":true,"href":"https:\/\/zonaroja.com.mx\/index.php?rest_route=\/wp\/v2\/media\/86440"}],"wp:attachment":[{"href":"https:\/\/zonaroja.com.mx\/index.php?rest_route=%2Fwp%2Fv2%2Fmedia&parent=86439"}],"wp:term":[{"taxonomy":"category","embeddable":true,"href":"https:\/\/zonaroja.com.mx\/index.php?rest_route=%2Fwp%2Fv2%2Fcategories&post=86439"},{"taxonomy":"post_tag","embeddable":true,"href":"https:\/\/zonaroja.com.mx\/index.php?rest_route=%2Fwp%2Fv2%2Ftags&post=86439"}],"curies":[{"name":"wp","href":"https:\/\/api.w.org\/{rel}","templated":true}]}}