{"id":86445,"date":"2025-11-01T15:15:00","date_gmt":"2025-11-01T21:15:00","guid":{"rendered":"https:\/\/zonaroja.com.mx\/?p=86445"},"modified":"2025-11-01T08:18:36","modified_gmt":"2025-11-01T14:18:36","slug":"concurso-mujeres-de-viento-ya-tiene-a-sus-tres-finalistas","status":"publish","type":"post","link":"https:\/\/zonaroja.com.mx\/?p=86445","title":{"rendered":"Concurso \u201cMujeres de Viento\u201d ya tiene a sus tres finalistas\u00a0"},"content":{"rendered":"\n<p>Lisbeth Mej\u00eda Reyes\/Zona Roja.<\/p>\n\n\n\n<p>Oaxaca, Oax., a 1 de noviembre de 2025.- Luego de haber recibido las postulaciones de m\u00e1s de 100 int\u00e9rpretes y de realizar su primera fase, el concurso \u201cEnsambles de Mujeres de Viento\u201d ya tiene a sus tres finalistas: \u201cP\u00e9talos de cempas\u00fachil\u201d, \u201cMonta\u00f1as de nubes\u201d y Banda Femenil \u201cKa\u2019ux\u00bb.<\/p>\n\n\n\n<p>Los resultados fueron publicados este lunes en las redes sociales de Yamaha M\u00e9xico, empresa que junto con la Secretar\u00eda de las Culturas y Artes de Oaxaca (Seculta) impulsa el certamen para reconocer a las agrupaciones musicales de mujeres.<\/p>\n\n\n\n<p>\u00abDespu\u00e9s de una convocatoria llena de talento, inspiraci\u00f3n y poder femenino, celebramos a las 3 bandas finalistas que demostraron su pasi\u00f3n por la m\u00fasica de aliento y su compromiso con la excelencia art\u00edstica\u00bb, public\u00f3 Yamaha, adem\u00e1s de felicitar a \u00abtodas las participantes por su entrega y talento\u00bb.<\/p>\n\n\n\n<p>Despu\u00e9s de esta primera fase, el concurso tendr\u00e1 una segunda y \u00faltima en la que se definir\u00e1n los tres primeros lugares, a los que se entregar\u00e1n premios en efectivo, reconocimientos y descuentos para la adquisici\u00f3n de instrumentos musicales.<\/p>\n\n\n\n<p>Previamente, Yamaha inform\u00f3 que en el certamen participaron m\u00e1s de 100 talentosas m\u00fasicas.<\/p>\n\n\n\n<p>El concurso estuvo abierto del 26 de septiembre al 20 de octubre, periodo en el que se recibieron las propuestas de ensambles conformados por mujeres originarias de Oaxaca.<\/p>\n\n\n\n<p>Posteriormente se hizo una evaluaci\u00f3n de los ensambles a partir de la interpretaci\u00f3n de piezas que se enviaron mediante videos.<\/p>\n\n\n\n<p>La segunda fase o final ser\u00e1 el pr\u00f3ximo 30 de noviembre de manera presencial en el teatro \u201cMacedonio Alcal\u00e1\u201d, en la ciudad de Oaxaca.<\/p>\n\n\n\n<p>En total, los premios abarcan un monto de 100 mil pesos, adem\u00e1s de otros est\u00edmulos.<\/p>\n\n\n\n<p>En su momento, Yamaha se\u00f1al\u00f3 que el concurso es parte de la iniciativa She&#8217;s got the groove, nacida en M\u00e9xico y que se ha extendido a Latinoam\u00e9rica a manera de concurso para impulsar a las mujeres m\u00fasicad.&nbsp;<\/p>\n\n\n\n<p>Para el caso de Oaxaca, se ha renombrado \u201cConcurso Ensamble Mujeres\u201d de Viento, con el que se busca promover la participaci\u00f3n de ensambles de aliento conformados por mujeres o al menos en su mayor\u00eda (80 por ciento) de cualquier parte de la entidad.<\/p>\n","protected":false},"excerpt":{"rendered":"<p>Lisbeth Mej\u00eda Reyes\/Zona Roja. Oaxaca, Oax., a 1 de noviembre de 2025.- Luego de haber&hellip;<\/p>\n","protected":false},"author":2,"featured_media":86446,"comment_status":"closed","ping_status":"open","sticky":false,"template":"","format":"standard","meta":{"_lmt_disableupdate":"","_lmt_disable":"","_jetpack_memberships_contains_paid_content":false,"footnotes":""},"categories":[109,46],"tags":[3368],"class_list":["post-86445","post","type-post","status-publish","format-standard","has-post-thumbnail","hentry","category-minuto-a-minuto","category-zona-blanca","tag-secretaria-de-las-culturas-seculta"],"jetpack_featured_media_url":"https:\/\/zonaroja.com.mx\/wp-content\/uploads\/2025\/11\/Banda-mixe-ka-hux.jpg","jetpack_sharing_enabled":true,"_links":{"self":[{"href":"https:\/\/zonaroja.com.mx\/index.php?rest_route=\/wp\/v2\/posts\/86445","targetHints":{"allow":["GET"]}}],"collection":[{"href":"https:\/\/zonaroja.com.mx\/index.php?rest_route=\/wp\/v2\/posts"}],"about":[{"href":"https:\/\/zonaroja.com.mx\/index.php?rest_route=\/wp\/v2\/types\/post"}],"author":[{"embeddable":true,"href":"https:\/\/zonaroja.com.mx\/index.php?rest_route=\/wp\/v2\/users\/2"}],"replies":[{"embeddable":true,"href":"https:\/\/zonaroja.com.mx\/index.php?rest_route=%2Fwp%2Fv2%2Fcomments&post=86445"}],"version-history":[{"count":1,"href":"https:\/\/zonaroja.com.mx\/index.php?rest_route=\/wp\/v2\/posts\/86445\/revisions"}],"predecessor-version":[{"id":86447,"href":"https:\/\/zonaroja.com.mx\/index.php?rest_route=\/wp\/v2\/posts\/86445\/revisions\/86447"}],"wp:featuredmedia":[{"embeddable":true,"href":"https:\/\/zonaroja.com.mx\/index.php?rest_route=\/wp\/v2\/media\/86446"}],"wp:attachment":[{"href":"https:\/\/zonaroja.com.mx\/index.php?rest_route=%2Fwp%2Fv2%2Fmedia&parent=86445"}],"wp:term":[{"taxonomy":"category","embeddable":true,"href":"https:\/\/zonaroja.com.mx\/index.php?rest_route=%2Fwp%2Fv2%2Fcategories&post=86445"},{"taxonomy":"post_tag","embeddable":true,"href":"https:\/\/zonaroja.com.mx\/index.php?rest_route=%2Fwp%2Fv2%2Ftags&post=86445"}],"curies":[{"name":"wp","href":"https:\/\/api.w.org\/{rel}","templated":true}]}}