{"id":86449,"date":"2025-11-01T11:55:07","date_gmt":"2025-11-01T17:55:07","guid":{"rendered":"https:\/\/zonaroja.com.mx\/?p=86449"},"modified":"2025-11-02T07:03:04","modified_gmt":"2025-11-02T13:03:04","slug":"en-atentado-a-candidato-a-edil-de-comunidad-de-oaxaca-matan-a-su-chofer","status":"publish","type":"post","link":"https:\/\/zonaroja.com.mx\/?p=86449","title":{"rendered":"En atentado a candidato a edil de comunidad de Oaxaca, matan a su chofer"},"content":{"rendered":"\n<p>Raymundo Morales\/Zona Roja.&nbsp;<\/p>\n\n\n\n<p>Oaxaca, Oax., a 1 de noviembre de 20205.- Sujetos armados presuntamente atentaron contra el aspirante a edil de San Pablo Coatl\u00e1n, en cuyos hechos muri\u00f3 una persona.&nbsp;<\/p>\n\n\n\n<p>Seg\u00fan informes extraoficiales, el ataque contra el veh\u00edculo curri\u00f3 la madrugada de hoy contra&nbsp;Gerardo L\u00f3pez Garc\u00eda, quien result\u00f3 ileso, mientras que su chofer, a\u00fan no identificado, perdi\u00f3 la vida. &nbsp;<\/p>\n\n\n\n<p>Supuestamente la agresi\u00f3n a balazos sucedi\u00f3 frente a la agencia municipal de San Antonio Lalana, donde el aspirante a edil result\u00f3 ileso.&nbsp;<\/p>\n\n\n\n<p>El hecho violento ocurre en v\u00edsperas del proceso electoral para la renovaci\u00f3n de la presidencia municipal de San Pablo Coatl\u00e1n, municipio de la regi\u00f3n Sierra Sur de Oaxaca.<\/p>\n\n\n\n<p>Hasta el momento no hay confirmaci\u00f3n por parte de la Fiscal\u00eda General del Estado de Oaxaca.&nbsp;<\/p>\n\n\n\n<p>Cabe recordar que en d\u00edas recientes el diputado suplente por el distrito de Miahuatl\u00e1n de Porfirio D\u00edaz, Fredy Bautista, denunci\u00f3 que ha recibido amenazas de muerte, presuntamente por parte del edil de San Pablo Coatl\u00e1n, Abraham L\u00f3pez Mart\u00ednez.<\/p>\n\n\n\n<p>Seg\u00fan dijo en un video, las intimidaciones ten\u00edan como prop\u00f3sito impedirle participar como candidato en las pr\u00f3ximas elecciones municipales.<\/p>\n\n\n\n<p>Supuestamente la intenci\u00f3n es apoyar al candidato oficial, Marcos Antonio Jim\u00e9nez, extesorero del ayuntamiento.<\/p>\n","protected":false},"excerpt":{"rendered":"<p>Raymundo Morales\/Zona Roja.&nbsp; Oaxaca, Oax., a 1 de noviembre de 20205.- Sujetos armados presuntamente atentaron&hellip;<\/p>\n","protected":false},"author":2,"featured_media":86460,"comment_status":"closed","ping_status":"open","sticky":false,"template":"","format":"standard","meta":{"_lmt_disableupdate":"","_lmt_disable":"","_jetpack_memberships_contains_paid_content":false,"footnotes":""},"categories":[109,51],"tags":[2575],"class_list":["post-86449","post","type-post","status-publish","format-standard","has-post-thumbnail","hentry","category-minuto-a-minuto","category-zona-roja","tag-san-pablo-coatlan"],"jetpack_featured_media_url":"https:\/\/zonaroja.com.mx\/wp-content\/uploads\/2025\/11\/Atentado-San-Pablo-Coatlan-candidato-a-edil.jpg","jetpack_sharing_enabled":true,"_links":{"self":[{"href":"https:\/\/zonaroja.com.mx\/index.php?rest_route=\/wp\/v2\/posts\/86449","targetHints":{"allow":["GET"]}}],"collection":[{"href":"https:\/\/zonaroja.com.mx\/index.php?rest_route=\/wp\/v2\/posts"}],"about":[{"href":"https:\/\/zonaroja.com.mx\/index.php?rest_route=\/wp\/v2\/types\/post"}],"author":[{"embeddable":true,"href":"https:\/\/zonaroja.com.mx\/index.php?rest_route=\/wp\/v2\/users\/2"}],"replies":[{"embeddable":true,"href":"https:\/\/zonaroja.com.mx\/index.php?rest_route=%2Fwp%2Fv2%2Fcomments&post=86449"}],"version-history":[{"count":1,"href":"https:\/\/zonaroja.com.mx\/index.php?rest_route=\/wp\/v2\/posts\/86449\/revisions"}],"predecessor-version":[{"id":86450,"href":"https:\/\/zonaroja.com.mx\/index.php?rest_route=\/wp\/v2\/posts\/86449\/revisions\/86450"}],"wp:featuredmedia":[{"embeddable":true,"href":"https:\/\/zonaroja.com.mx\/index.php?rest_route=\/wp\/v2\/media\/86460"}],"wp:attachment":[{"href":"https:\/\/zonaroja.com.mx\/index.php?rest_route=%2Fwp%2Fv2%2Fmedia&parent=86449"}],"wp:term":[{"taxonomy":"category","embeddable":true,"href":"https:\/\/zonaroja.com.mx\/index.php?rest_route=%2Fwp%2Fv2%2Fcategories&post=86449"},{"taxonomy":"post_tag","embeddable":true,"href":"https:\/\/zonaroja.com.mx\/index.php?rest_route=%2Fwp%2Fv2%2Ftags&post=86449"}],"curies":[{"name":"wp","href":"https:\/\/api.w.org\/{rel}","templated":true}]}}