{"id":8645,"date":"2020-02-11T08:57:25","date_gmt":"2020-02-11T14:57:25","guid":{"rendered":"http:\/\/www.zonaroja.com.mx\/?p=8645"},"modified":"2020-02-11T08:57:28","modified_gmt":"2020-02-11T14:57:28","slug":"arremete-salomon-jara-de-nuevo-contra-fiscal-de-oaxaca-por-criminalizar-a-activistas","status":"publish","type":"post","link":"https:\/\/zonaroja.com.mx\/?p=8645","title":{"rendered":"Arremete Salom\u00f3n Jara de nuevo contra Fiscal de Oaxaca por criminalizar a activistas"},"content":{"rendered":"\n<p>Yuridiana Sosa\/Zona Roja.<\/p>\n\n\n\n<p>Oaxaca de Ju\u00e1rez, Oax., 11 de febrero\nde 2020.- Por tratar de frenar la lucha social en los pueblos de Oaxaca con la \u201cdetenci\u00f3n\narbitraria\u201d de activistas, el Senador del Partido Morena, Salom\u00f3n Jara Cruz,\narremeti\u00f3 contra el fiscal General del Estado, Rub\u00e9n Vasconcelos M\u00e9ndez.<\/p>\n\n\n\n<p>A trav\u00e9s de un video, se\u00f1al\u00f3 que el fiscal\nsolo disimula la aplicaci\u00f3n de la justicia cuando se trata de incriminar a los\nluchadores y defensores de las comunidades ind\u00edgenas, en relaci\u00f3n a la\ndetenci\u00f3n del activista V\u00edctor Manuel Ram\u00edrez Jim\u00e9nez, este fin de semana en la\nregi\u00f3n del Istmo.<\/p>\n\n\n\n<p>Asever\u00f3 que las acciones de la Fiscal\u00eda\nGeneral del Estado son forman parte de una pol\u00edtica de persecuci\u00f3n, detenciones\ny hasta de desaparici\u00f3n forzada, como la aplicada en anteriores gobiernos\nfederales.<\/p>\n\n\n\n<p>A trav\u00e9s de un mensaje emitido desde la\npoblaci\u00f3n de Santa Ana Ateixtlahuaca, Jara Cruz, llam\u00f3 a Vasconcelos M\u00e9ndez a realizar\nverdadera justicia en la entidad, la cual, desde su percepci\u00f3n \u201cha dejada\ntirada\u201d.<\/p>\n\n\n\n<p>Dijo que la reciente detenci\u00f3n es\narbitraria e incluso con la fabricaci\u00f3n de delitos, mientras que record\u00f3 que\ncasos como el asesinato del ex candidato de Morena a diputado local por el\nDistrito 21, Emigdio L\u00f3pez Avenda\u00f1o, en junio de 2018, no existe ninguna l\u00ednea\nde investigaci\u00f3n o detenci\u00f3n por este crimen.<\/p>\n\n\n\n<p>Adem\u00e1s, expuso que el vicefiscal\nregional del Istmo, Jos\u00e9 Matus Cruz, usa a los elementos policiacos para\nmontar, buscar y sembrar evidencias no reales en los veh\u00edculos de las\nautoridades del Istmo de Tehuantepec, como en los municipios de San Blas\nAtempa, Tehuantepec y Salina Cruz.<\/p>\n\n\n\n<p>Al gobernador de Oaxaca, Alejandro\nMurat, tambi\u00e9n pidi\u00f3 detener esas acciones intimidatorias a luchadores\nsociales.<\/p>\n","protected":false},"excerpt":{"rendered":"<p>Yuridiana Sosa\/Zona Roja. Oaxaca de Ju\u00e1rez, Oax., 11 de febrero de 2020.- Por tratar de&hellip;<\/p>\n","protected":false},"author":2,"featured_media":2449,"comment_status":"closed","ping_status":"open","sticky":false,"template":"","format":"standard","meta":{"_lmt_disableupdate":"","_lmt_disable":"","_jetpack_memberships_contains_paid_content":false,"footnotes":""},"categories":[109,47],"tags":[494,170],"class_list":["post-8645","post","type-post","status-publish","format-standard","has-post-thumbnail","hentry","category-minuto-a-minuto","category-zona-gris","tag-fiscalia-general-del-estado-de-oaxaca","tag-ruben-vasconcelos-mendez"],"jetpack_featured_media_url":"https:\/\/zonaroja.com.mx\/wp-content\/uploads\/2019\/07\/Fiscal-General-Rub\u00e9n-Vasconcelos-M\u00e9ndez-1.jpg","jetpack_sharing_enabled":true,"_links":{"self":[{"href":"https:\/\/zonaroja.com.mx\/index.php?rest_route=\/wp\/v2\/posts\/8645","targetHints":{"allow":["GET"]}}],"collection":[{"href":"https:\/\/zonaroja.com.mx\/index.php?rest_route=\/wp\/v2\/posts"}],"about":[{"href":"https:\/\/zonaroja.com.mx\/index.php?rest_route=\/wp\/v2\/types\/post"}],"author":[{"embeddable":true,"href":"https:\/\/zonaroja.com.mx\/index.php?rest_route=\/wp\/v2\/users\/2"}],"replies":[{"embeddable":true,"href":"https:\/\/zonaroja.com.mx\/index.php?rest_route=%2Fwp%2Fv2%2Fcomments&post=8645"}],"version-history":[{"count":1,"href":"https:\/\/zonaroja.com.mx\/index.php?rest_route=\/wp\/v2\/posts\/8645\/revisions"}],"predecessor-version":[{"id":8646,"href":"https:\/\/zonaroja.com.mx\/index.php?rest_route=\/wp\/v2\/posts\/8645\/revisions\/8646"}],"wp:featuredmedia":[{"embeddable":true,"href":"https:\/\/zonaroja.com.mx\/index.php?rest_route=\/wp\/v2\/media\/2449"}],"wp:attachment":[{"href":"https:\/\/zonaroja.com.mx\/index.php?rest_route=%2Fwp%2Fv2%2Fmedia&parent=8645"}],"wp:term":[{"taxonomy":"category","embeddable":true,"href":"https:\/\/zonaroja.com.mx\/index.php?rest_route=%2Fwp%2Fv2%2Fcategories&post=8645"},{"taxonomy":"post_tag","embeddable":true,"href":"https:\/\/zonaroja.com.mx\/index.php?rest_route=%2Fwp%2Fv2%2Ftags&post=8645"}],"curies":[{"name":"wp","href":"https:\/\/api.w.org\/{rel}","templated":true}]}}