{"id":86451,"date":"2025-11-02T07:45:00","date_gmt":"2025-11-02T13:45:00","guid":{"rendered":"https:\/\/zonaroja.com.mx\/?p=86451"},"modified":"2025-11-02T06:38:59","modified_gmt":"2025-11-02T12:38:59","slug":"michoacan-asesinan-a-edil-de-uruapan-tambien-a-sobrino-de-lider-comunitario","status":"publish","type":"post","link":"https:\/\/zonaroja.com.mx\/?p=86451","title":{"rendered":"Michoac\u00e1n: asesinan a edil de Uruapan; tambi\u00e9n a sobrino de l\u00edder comunitario"},"content":{"rendered":"\n<p>Redacci\u00f3n\/Zona Roja Cdmx.<\/p>\n\n\n\n<p>(Informaci\u00f3n de Pol\u00edtico.Mx)<\/p>\n\n\n\n<p>Ciudad de M\u00e9xico a 2 de noviembre de 2025.- El presidente municipal de Uruapan, Michoac\u00e1n, Carlos Manzo Rodr\u00edguez, fue asesinado anoche a balazos en pleno centro de la ciudad, a pocas horas del inicio del Festival de las Velas, uno de los eventos m\u00e1s representativos de la Noche de Muertos en Michoac\u00e1n.<\/p>\n\n\n\n<p>De acuerdo con el Gabinete de Seguridad, en el lugar fueron detenidas dos personas involucradas en los hechos y uno de los agresores perdi\u00f3 la vida.<\/p>\n\n\n\n<p>Por su parte, el gobernador de Michoac\u00e1n, Alfredo Ram\u00edrez Bedolla, conden\u00f3 el hecho a trav\u00e9s de sus redes sociales y detall\u00f3 que el secretario de Seguridad P\u00fablica del estado, Juan Carlos Oseguera Cort\u00e9s, junto a la Guardia Nacional se encuentran coordinando acciones.<\/p>\n\n\n\n<p>De acuerdo a diversos medios, el funcionario fue atacado minutos despu\u00e9s de dar el discurso previo al inicio del Festival de las Velas en el municipio de Uruapan.<\/p>\n\n\n\n<p>De acuerdo a N+, el edil se estaba con pobladores de la localidad cuando un hombre armado se le acerc\u00f3 y le dispar\u00f3.<\/p>\n\n\n\n<p>Carlos Manzo Rodr\u00edguez naci\u00f3 el 9 de mayo de 1985 en Uruapan, Michoac\u00e1n, municipio que d\u00e9cadas despu\u00e9s llegar\u00eda a gobernar.<\/p>\n\n\n\n<p>Se gradu\u00f3 de la licenciatura en Ciencias Pol\u00edticas y Gesti\u00f3n P\u00fablica por el Instituto Tecnol\u00f3gico y de Estudios Superiores de Occidente (ITESO) en 2016.<\/p>\n\n\n\n<p>Entre agosto de 2021 y febrero de 2024, Manzo Rodr\u00edguez fue diputado federal por el Distrito 9 de Michoac\u00e1n, con sede en Uruapan, bajo las siglas de Morena.<\/p>\n\n\n\n<p>En septiembre de 2024, asumi\u00f3 la presidencia municipal de Uruapan tras obtener el cargo como candidato independiente, marcando un cambio pol\u00edtico significativo en la regi\u00f3n.<\/p>\n\n\n\n<p>SOBRINO DE HIP\u00d3LITO<\/p>\n\n\n\n<p>Durante un enfrentamiento armado entre autoridades y civiles en la localidad de La Ruana, municipio de Buenavista, Michoac\u00e1n, dos personas perdieron la vida, entre ellas el sobrino del exl\u00edder de autodefensas, Hip\u00f3lito Mora.<\/p>\n\n\n\n<p>De acuerdo con informaci\u00f3n de Quadratin Michoac\u00e1n, los hechos ocurrieron alrededor de la 1:30 de la madrugada, cuando elementos de la Secretar\u00eda de la Defensa Nacional (Defensa) se enfrentaron con civiles armados en las calles M\u00e1rtires de Uruapan y Melchor Ocampo.<\/p>\n\n\n\n<p>Las autoridades confirmaron que una de las v\u00edctimas fue Alejandro Torres Mora, sobrino del desaparecido l\u00edder comunitario Hip\u00f3lito Mora Ch\u00e1vez; el otro fallecido a\u00fan no ha sido identificado por las autoridades.<\/p>\n\n\n\n<p>Seg\u00fan los primeros reportes, el enfrentamiento se habr\u00eda originado durante un operativo de las fuerzas federales en la zona, considerada foco de violencia por la presencia de grupos delictivos.<\/p>\n\n\n\n<p>En la escena del crimen, las fuerzas de seguridad localizaron un arma corta, un rifle de asalto, cinco tel\u00e9fonos celulares y casquillos percutidos de distintos calibres.<\/p>\n\n\n\n<p>Tambi\u00e9n fueron aseguradas tres bolsas con polvo blanco, presuntamente droga, como parte de los indicios recabados.<\/p>\n\n\n\n<p>Elementos de la Fiscal\u00eda General del Estado (FGE) iniciaron la carpeta de investigaci\u00f3n correspondiente y realizaron el traslado de los cuerpos al anfiteatro para las diligencias de ley.<\/p>\n","protected":false},"excerpt":{"rendered":"<p>Redacci\u00f3n\/Zona Roja Cdmx. (Informaci\u00f3n de Pol\u00edtico.Mx) Ciudad de M\u00e9xico a 2 de noviembre de 2025.-&hellip;<\/p>\n","protected":false},"author":2,"featured_media":86452,"comment_status":"closed","ping_status":"open","sticky":false,"template":"","format":"standard","meta":{"_lmt_disableupdate":"","_lmt_disable":"","_jetpack_memberships_contains_paid_content":false,"footnotes":""},"categories":[109,47],"tags":[4507,506],"class_list":["post-86451","post","type-post","status-publish","format-standard","has-post-thumbnail","hentry","category-minuto-a-minuto","category-zona-gris","tag-carlos-manzo-rodriguez","tag-uruapan-michoacan"],"jetpack_featured_media_url":"https:\/\/zonaroja.com.mx\/wp-content\/uploads\/2025\/11\/Asesinado-edil-Uruapan.jpg","jetpack_sharing_enabled":true,"_links":{"self":[{"href":"https:\/\/zonaroja.com.mx\/index.php?rest_route=\/wp\/v2\/posts\/86451","targetHints":{"allow":["GET"]}}],"collection":[{"href":"https:\/\/zonaroja.com.mx\/index.php?rest_route=\/wp\/v2\/posts"}],"about":[{"href":"https:\/\/zonaroja.com.mx\/index.php?rest_route=\/wp\/v2\/types\/post"}],"author":[{"embeddable":true,"href":"https:\/\/zonaroja.com.mx\/index.php?rest_route=\/wp\/v2\/users\/2"}],"replies":[{"embeddable":true,"href":"https:\/\/zonaroja.com.mx\/index.php?rest_route=%2Fwp%2Fv2%2Fcomments&post=86451"}],"version-history":[{"count":1,"href":"https:\/\/zonaroja.com.mx\/index.php?rest_route=\/wp\/v2\/posts\/86451\/revisions"}],"predecessor-version":[{"id":86453,"href":"https:\/\/zonaroja.com.mx\/index.php?rest_route=\/wp\/v2\/posts\/86451\/revisions\/86453"}],"wp:featuredmedia":[{"embeddable":true,"href":"https:\/\/zonaroja.com.mx\/index.php?rest_route=\/wp\/v2\/media\/86452"}],"wp:attachment":[{"href":"https:\/\/zonaroja.com.mx\/index.php?rest_route=%2Fwp%2Fv2%2Fmedia&parent=86451"}],"wp:term":[{"taxonomy":"category","embeddable":true,"href":"https:\/\/zonaroja.com.mx\/index.php?rest_route=%2Fwp%2Fv2%2Fcategories&post=86451"},{"taxonomy":"post_tag","embeddable":true,"href":"https:\/\/zonaroja.com.mx\/index.php?rest_route=%2Fwp%2Fv2%2Ftags&post=86451"}],"curies":[{"name":"wp","href":"https:\/\/api.w.org\/{rel}","templated":true}]}}