{"id":86454,"date":"2025-11-02T08:39:00","date_gmt":"2025-11-02T14:39:00","guid":{"rendered":"https:\/\/zonaroja.com.mx\/?p=86454"},"modified":"2025-11-02T06:43:14","modified_gmt":"2025-11-02T12:43:14","slug":"sentencian-a-30-anos-a-homicida-de-el-tule-oaxaca","status":"publish","type":"post","link":"https:\/\/zonaroja.com.mx\/?p=86454","title":{"rendered":"Sentencian a 30 a\u00f1os a homicida de El Tule, Oaxaca"},"content":{"rendered":"\n<p>Redacci\u00f3n\/Zona Roja.&nbsp;<\/p>\n\n\n\n<p>Oaxaca, Oax., a 2 de noviembre de 2025.- La investigaci\u00f3n de delitos de alto impacto que realiza la Fiscal\u00eda General del Estado de Oaxaca (FGEO) dio como resultado la obtenci\u00f3n de una sentencia condenatoria de 30 a\u00f1os de prisi\u00f3n contra Efr\u00e9n M. L., por su responsabilidad en el delito de homicidio calificado con la agravante de ventaja, cometido en agravio de P. S. H. B., en la regi\u00f3n de los Valles Centrales.<\/p>\n\n\n\n<p>De acuerdo con el expediente penal, los hechos ocurrieron el 1 de enero de 2016, en calles de la poblaci\u00f3n de Santa Mar\u00eda del Tule, donde la v\u00edctima fue agredida con un arma de fuego tras una discusi\u00f3n, sufriendo lesiones que le causaron la muerte.<\/p>\n\n\n\n<p>Ante estos hechos, la Fiscal\u00eda de Oaxaca, a trav\u00e9s de la Vicefiscal\u00eda General de Control Regional, llev\u00f3 a cabo las investigaciones correspondientes que permitieron aprehender y presentar ante el juez a Efr\u00e9n M. L.<\/p>\n\n\n\n<p>Tras analizar los datos de prueba presentados por la FGEO, el Tribunal de Enjuiciamiento dict\u00f3 sentencia condenatoria de 30 a\u00f1os de prisi\u00f3n en contra de Efr\u00e9n M.L., por su responsabilidad en la comisi\u00f3n del delito de homicidio calificado con la agravante de ventaja, adem\u00e1s de imponerle el pago por la reparaci\u00f3n del da\u00f1o.<\/p>\n\n\n\n<p>VINCULADOS A PROCESO<\/p>\n\n\n\n<p>Por otra parte, la Fiscal\u00eda General del Estado obtuvo dos autos de vinculaci\u00f3n a proceso en contra de dos personas del sexo masculino, por delitos contra la salud y homicidio calificado, ambos ocurridos en diferentes momentos en la regi\u00f3n de la Costa.<\/p>\n\n\n\n<p>De acuerdo con la investigaci\u00f3n asentada en el expediente penal, una de las vinculaciones a proceso se logr\u00f3 en contra de un hombre identificado como S.E.G., imputado por el delito de homicidio calificado con ventaja en agravio de L.G.U., ocurrido la noche del 06 de agosto de 2025.<\/p>\n\n\n\n<p>La investigaci\u00f3n detalla que los hechos ocurrieron en una de las calles de la localidad de Santa Mar\u00eda Yolotepec, perteneciente a Santa Catarina Juquila, lugar donde la v\u00edctima fue atacada con disparos de arma de fuego que lo privaron de la vida.<\/p>\n\n\n\n<p>Ante estos, y tras las investigaciones de la Vicefiscal\u00eda Regional de la Costa, elementos de la Agencia Estatal de Investigaciones (AEI) junto con la Secretar\u00eda de la Defensa Nacional (DEFENSA) Guardia Nacional (GN) Polic\u00eda Estatal y Polic\u00eda Vial Estatal, lograron aprehender a S.E.G., para posteriormente, ponerlo a disposici\u00f3n de la autoridad que lo requiri\u00f3 para su proceso jur\u00eddico.<\/p>\n\n\n\n<p>Tras el desahogo de pruebas aportadas por la FGEO, el juez de la causa consider\u00f3 suficientes los elementos para vincularlo a proceso e imponer prisi\u00f3n preventiva oficiosa, otorgando un plazo de tres meses para el cierre de la investigaci\u00f3n complementaria.<\/p>\n\n\n\n<p>Respecto al delito contra la salud, el auto de vinculaci\u00f3n se efectu\u00f3 en contra de un hombre de iniciales F.J.M.V., quien fue detenido con posesi\u00f3n de drogas a trav\u00e9s de un operativo de seguridad y vigilancia realizado por elementos de la Secretar\u00eda de Marina (SEMAR) y Polic\u00eda Municipal de Santiago Pinotepa Nacional en calles de la colonia Puente de esta demarcaci\u00f3n.<\/p>\n\n\n\n<p>La carpeta de investigaci\u00f3n, revela que el imputado fue inspeccionado legalmente luego de que intentar\u00e1 darse a la fuga cuando se percat\u00f3 de la presencia policial.<\/p>\n\n\n\n<p>Durante la revisi\u00f3n, los elementos de seguridad, hallaron entre sus pertenencias diversas dosis de cristal, por lo que fue detenido y presentado ante la Vicefiscal\u00eda Regional de la Costa, logrando que el juez de la causa dictara vinculaci\u00f3n a proceso por el delito contra la salud, concediendo un plazo de dos meses para el cierre de la investigaci\u00f3n complementaria.<\/p>\n","protected":false},"excerpt":{"rendered":"<p>Redacci\u00f3n\/Zona Roja.&nbsp; Oaxaca, Oax., a 2 de noviembre de 2025.- La investigaci\u00f3n de delitos de&hellip;<\/p>\n","protected":false},"author":2,"featured_media":84032,"comment_status":"closed","ping_status":"open","sticky":false,"template":"","format":"standard","meta":{"_lmt_disableupdate":"","_lmt_disable":"","_jetpack_memberships_contains_paid_content":false,"footnotes":""},"categories":[109,46],"tags":[494],"class_list":["post-86454","post","type-post","status-publish","format-standard","has-post-thumbnail","hentry","category-minuto-a-minuto","category-zona-blanca","tag-fiscalia-general-del-estado-de-oaxaca"],"jetpack_featured_media_url":"https:\/\/zonaroja.com.mx\/wp-content\/uploads\/2025\/08\/Preso-prision-carcel.jpg","jetpack_sharing_enabled":true,"_links":{"self":[{"href":"https:\/\/zonaroja.com.mx\/index.php?rest_route=\/wp\/v2\/posts\/86454","targetHints":{"allow":["GET"]}}],"collection":[{"href":"https:\/\/zonaroja.com.mx\/index.php?rest_route=\/wp\/v2\/posts"}],"about":[{"href":"https:\/\/zonaroja.com.mx\/index.php?rest_route=\/wp\/v2\/types\/post"}],"author":[{"embeddable":true,"href":"https:\/\/zonaroja.com.mx\/index.php?rest_route=\/wp\/v2\/users\/2"}],"replies":[{"embeddable":true,"href":"https:\/\/zonaroja.com.mx\/index.php?rest_route=%2Fwp%2Fv2%2Fcomments&post=86454"}],"version-history":[{"count":1,"href":"https:\/\/zonaroja.com.mx\/index.php?rest_route=\/wp\/v2\/posts\/86454\/revisions"}],"predecessor-version":[{"id":86455,"href":"https:\/\/zonaroja.com.mx\/index.php?rest_route=\/wp\/v2\/posts\/86454\/revisions\/86455"}],"wp:featuredmedia":[{"embeddable":true,"href":"https:\/\/zonaroja.com.mx\/index.php?rest_route=\/wp\/v2\/media\/84032"}],"wp:attachment":[{"href":"https:\/\/zonaroja.com.mx\/index.php?rest_route=%2Fwp%2Fv2%2Fmedia&parent=86454"}],"wp:term":[{"taxonomy":"category","embeddable":true,"href":"https:\/\/zonaroja.com.mx\/index.php?rest_route=%2Fwp%2Fv2%2Fcategories&post=86454"},{"taxonomy":"post_tag","embeddable":true,"href":"https:\/\/zonaroja.com.mx\/index.php?rest_route=%2Fwp%2Fv2%2Ftags&post=86454"}],"curies":[{"name":"wp","href":"https:\/\/api.w.org\/{rel}","templated":true}]}}