{"id":86458,"date":"2025-11-02T10:45:00","date_gmt":"2025-11-02T16:45:00","guid":{"rendered":"https:\/\/zonaroja.com.mx\/?p=86458"},"modified":"2025-11-02T07:02:03","modified_gmt":"2025-11-02T13:02:03","slug":"asciende-a-23-el-numero-de-personas-muertas-por-incendio-en-sonora","status":"publish","type":"post","link":"https:\/\/zonaroja.com.mx\/?p=86458","title":{"rendered":"Asciende a 23 el n\u00famero de personas muertas por incendio en Sonora"},"content":{"rendered":"\n<p>Redacci\u00f3n\/Zona Roja Cdmx.<\/p>\n\n\n\n<p>(Informaci\u00f3n de \u201cLa Jornada\u201d)<\/p>\n\n\n\n<p>Ciudad de M\u00e9xico, a 2 de noviembre de 2025.- Al menos 23 personas fallecieron, entre ellos seis menores, y decenas resultaron gravemente heridas por la explosi\u00f3n seguida de un incendio en una tienda Waldo\u2019s, ubicada en el centro de Hermosillo, la tarde de ayer. La mayor\u00eda muri\u00f3 por inhalaci\u00f3n de gases t\u00f3xicos, inform\u00f3 la Fiscal\u00eda General del Estado (FGE).<\/p>\n\n\n\n<p>El estallido ocurri\u00f3 poco despu\u00e9s de las 15:09 horas, cuando el inmueble estaba lleno de clientes que realizaban sus compras por la quincena y la cercan\u00eda del D\u00eda de Muertos.<\/p>\n\n\n\n<p>Las llamas se propagaron r\u00e1pidamente por el negocio \u2013el cual expende art\u00edculos a bajo precio\u2013 y se extendieron hasta llegar a un veh\u00edculo estacionado afuera, el cual qued\u00f3 envuelto por las llamas.<\/p>\n\n\n\n<p>El presidente nacional de la Cruz Roja Mexicana, Carlos Freaner Figueroa, confirm\u00f3 el saldo inicial de 23 personas muertas; entre ellas 12 mujeres, cinco hombres, cuatro ni\u00f1as y dos ni\u00f1os.<\/p>\n\n\n\n<p>Adem\u00e1s, decenas presentan quemaduras graves o problemas derivados por inhalaci\u00f3n de humo, que fueron desalojadas por personal de emergencia para recibir atenci\u00f3n m\u00e9dica especializada.<\/p>\n\n\n\n<p>El titular de la FGE, Gustavo R\u00f3mulo Salas Ch\u00e1vez, precis\u00f3 que \u201chasta el momento no existe ning\u00fan indicio que apunte a que el incendio haya sido generado de manera intencional\u201d.<\/p>\n\n\n\n<p>Agreg\u00f3 que hay ocho familias que acudieron a buscar a 14 parientes \u201cque presuntamente los tenemos en calidad de desconocidos en las instalaciones del Servicio M\u00e9dico Forense. En las pr\u00f3ximas horas seguramente los van a identificar.<\/p>\n\n\n\n<p>\u201cLas condiciones por las que falleci\u00f3 la mayor\u00eda fue por inhalaci\u00f3n de gases t\u00f3xicos, por lo que ser\u00e1 posible su identificaci\u00f3n\u201d, destac\u00f3 el fiscal en rueda de prensa.<\/p>\n\n\n\n<p>En tanto, la Cruz Roja detall\u00f3 que en el operativo de recuperaci\u00f3n de cuerpos participaron 40 elementos, 10 ambulancias y una unidad de rescate, y realizaron seis traslados a hospitales locales en coordinaci\u00f3n con otros cuerpos de auxilio.<\/p>\n\n\n\n<p>En un mensaje en su cuenta de X, el gobernador Alfonso Durazo confirm\u00f3 la tragedia y lament\u00f3 las p\u00e9rdidas humanas. Dijo que su administraci\u00f3n ofrecer\u00e1 atenci\u00f3n integral a las v\u00edctimas y a sus familias, adem\u00e1s de instruir la realizaci\u00f3n de todas las investigaciones necesarias para esclarecer lo ocurrido.<\/p>\n\n\n\n<p>El alcalde de Hermosillo, Antonio Astiazar\u00e1n Guti\u00e9rrez, tambi\u00e9n lament\u00f3 lo ocurrido y asegur\u00f3 que el municipio brinda apoyo inmediato a los afectados.<\/p>\n\n\n\n<p>En un comunicado entre el ayuntamiento de Hermosillo, Bomberos y Seguridad P\u00fablica se dio a conocer que el fuego fue controlado luego de varias horas de intensas labores.<\/p>\n\n\n\n<p>Las autoridades competentes anunciaron que abrieron una investigaci\u00f3n para determinar la causa exacta de la explosi\u00f3n; una fuga de gas, acumulaci\u00f3n de combustible o la falla en un transformador, son las primeras hip\u00f3tesis. Refirieron que un inmueble aleda\u00f1o sufri\u00f3 da\u00f1os y pidieron a la poblaci\u00f3n mantenerse alejada del per\u00edmetro acordonado.<\/p>\n","protected":false},"excerpt":{"rendered":"<p>Redacci\u00f3n\/Zona Roja Cdmx. (Informaci\u00f3n de \u201cLa Jornada\u201d) Ciudad de M\u00e9xico, a 2 de noviembre de&hellip;<\/p>\n","protected":false},"author":2,"featured_media":86461,"comment_status":"closed","ping_status":"open","sticky":false,"template":"","format":"standard","meta":{"_lmt_disableupdate":"","_lmt_disable":"","_jetpack_memberships_contains_paid_content":false,"footnotes":""},"categories":[109,47],"tags":[2557],"class_list":["post-86458","post","type-post","status-publish","format-standard","has-post-thumbnail","hentry","category-minuto-a-minuto","category-zona-gris","tag-hermosillo-sonora"],"jetpack_featured_media_url":"https:\/\/zonaroja.com.mx\/wp-content\/uploads\/2025\/11\/incendio-Waldos-Hermosillo-Sonora.jpg","jetpack_sharing_enabled":true,"_links":{"self":[{"href":"https:\/\/zonaroja.com.mx\/index.php?rest_route=\/wp\/v2\/posts\/86458","targetHints":{"allow":["GET"]}}],"collection":[{"href":"https:\/\/zonaroja.com.mx\/index.php?rest_route=\/wp\/v2\/posts"}],"about":[{"href":"https:\/\/zonaroja.com.mx\/index.php?rest_route=\/wp\/v2\/types\/post"}],"author":[{"embeddable":true,"href":"https:\/\/zonaroja.com.mx\/index.php?rest_route=\/wp\/v2\/users\/2"}],"replies":[{"embeddable":true,"href":"https:\/\/zonaroja.com.mx\/index.php?rest_route=%2Fwp%2Fv2%2Fcomments&post=86458"}],"version-history":[{"count":1,"href":"https:\/\/zonaroja.com.mx\/index.php?rest_route=\/wp\/v2\/posts\/86458\/revisions"}],"predecessor-version":[{"id":86462,"href":"https:\/\/zonaroja.com.mx\/index.php?rest_route=\/wp\/v2\/posts\/86458\/revisions\/86462"}],"wp:featuredmedia":[{"embeddable":true,"href":"https:\/\/zonaroja.com.mx\/index.php?rest_route=\/wp\/v2\/media\/86461"}],"wp:attachment":[{"href":"https:\/\/zonaroja.com.mx\/index.php?rest_route=%2Fwp%2Fv2%2Fmedia&parent=86458"}],"wp:term":[{"taxonomy":"category","embeddable":true,"href":"https:\/\/zonaroja.com.mx\/index.php?rest_route=%2Fwp%2Fv2%2Fcategories&post=86458"},{"taxonomy":"post_tag","embeddable":true,"href":"https:\/\/zonaroja.com.mx\/index.php?rest_route=%2Fwp%2Fv2%2Ftags&post=86458"}],"curies":[{"name":"wp","href":"https:\/\/api.w.org\/{rel}","templated":true}]}}