{"id":86468,"date":"2025-11-02T13:27:00","date_gmt":"2025-11-02T19:27:00","guid":{"rendered":"https:\/\/zonaroja.com.mx\/?p=86468"},"modified":"2025-11-02T07:29:36","modified_gmt":"2025-11-02T13:29:36","slug":"registra-mexico-34-asesinatos-de-defensores-en-primer-ano-de-sheinbaum","status":"publish","type":"post","link":"https:\/\/zonaroja.com.mx\/?p=86468","title":{"rendered":"Registra M\u00e9xico 34 asesinatos de defensores en primer a\u00f1o de Sheinbaum"},"content":{"rendered":"\n<p>Lisbeth Mej\u00eda Reyes\/Zona Roja.<\/p>\n\n\n\n<p>Oaxaca, Oax., a 2 de noviembre de 2025.- Unas 34 personas defensoras han sido asesinadas en M\u00e9xico en el primer a\u00f1o de la administraci\u00f3n de la presidenta Claudia Sheinbaum Pardo; de ellas 10 eran de Oaxaca.&nbsp;<\/p>\n\n\n\n<p>Con esto, la entidad es considerada la m\u00e1s letal para quienes luchan por los derechos humanos, de acuerdo con el monitoreo \u201cTodos sus Nombres, Todas sus Luchas\u201d, de la organizaci\u00f3n Servicios para una Educaci\u00f3n Alternativa, Educa.<\/p>\n\n\n\n<p>La organizaci\u00f3n tambi\u00e9n se\u00f1ala que en ese mismo periodo (del 1 de octubre de 2024 al 24 de octubre de 2025), han habido desapariciones forzadas de defensoras y defensores.<\/p>\n\n\n\n<p>Despu\u00e9s de Oaxaca, otras entidades que han reportado m\u00e1s asesinatos de personas defensoras son Jalisco, con siete casos, y Puebla, con ciatro.&nbsp;<\/p>\n\n\n\n<p>Por regi\u00f3n, el 44.1\u202f% de los asesinatos de personas defensoras se concentra en el sur-sureste del pa\u00eds: Oaxaca (10), Guerrero (tres) y Chiapas (dos), explica la asociaci\u00f3n civil, que en el marco del D\u00eda de Muertos y Fieles Difuntos public\u00f3 este informe, al ser una conmemoraci\u00f3n en la que se mediante altares y ofrendas se recuerda a quienes han fallecido.<\/p>\n\n\n\n<p>En el estado de Oaxaca, algunos de los asesinatos cometidos en este primer a\u00f1o de Claudia Sheinbaum son Sandra Est\u00e9fana Dom\u00ednguez Mart\u00ednez, Cristino Castro Perea, Gerardo Cruz Palacios, Virginia y Adriana Ortiz Garc\u00eda.<\/p>\n\n\n\n<p>De acuerdo con Educa, los 34 asesinatos de personas defensoras en este primer a\u00f1o de Sheinbaum muestra que la defensa de los derechos humanos sigue siendo una actividad de alto riesgo que amenaza gravemente la integridad y la vida.&nbsp;<\/p>\n\n\n\n<p>Adem\u00e1s de que es una cifra similar al promedio anual de asesinatos de defensores durante el gobierno del ex presidente Andr\u00e9s Manuel L\u00f3pez Obrador.&nbsp;<\/p>\n\n\n\n<p>\u00abLa defensa de la tierra y el territorio y la reivindicaci\u00f3n de un medio ambiente sano (31.6%), as\u00ed como el ejercicio del derecho a la verdad y la justicia (28.9%), y derechos civiles y pol\u00edticos (15.8%), representan el 76.3% de los atentados a la vida y por ende las luchas m\u00e1s vulnerables a la represi\u00f3n\u00bb, detalla la organizaci\u00f3n.<\/p>\n\n\n\n<p>Tambi\u00e9n reitera que \u00abel D\u00eda de Muertos no es \u00fanicamente una celebraci\u00f3n cultural, sino una jornada de resistencia, amor y esperanza, donde el recuerdo de quienes lucharon por la vida, el territorio y la dignidad se convierte en semilla de futuro\u00bb.<\/p>\n","protected":false},"excerpt":{"rendered":"<p>Lisbeth Mej\u00eda Reyes\/Zona Roja. Oaxaca, Oax., a 2 de noviembre de 2025.- Unas 34 personas&hellip;<\/p>\n","protected":false},"author":2,"featured_media":79689,"comment_status":"closed","ping_status":"open","sticky":false,"template":"","format":"standard","meta":{"_lmt_disableupdate":"","_lmt_disable":"","_jetpack_memberships_contains_paid_content":false,"footnotes":""},"categories":[109,47],"tags":[],"class_list":["post-86468","post","type-post","status-publish","format-standard","has-post-thumbnail","hentry","category-minuto-a-minuto","category-zona-gris"],"jetpack_featured_media_url":"https:\/\/zonaroja.com.mx\/wp-content\/uploads\/2025\/04\/Defensores-de-derechos-humanos.jpg","jetpack_sharing_enabled":true,"_links":{"self":[{"href":"https:\/\/zonaroja.com.mx\/index.php?rest_route=\/wp\/v2\/posts\/86468","targetHints":{"allow":["GET"]}}],"collection":[{"href":"https:\/\/zonaroja.com.mx\/index.php?rest_route=\/wp\/v2\/posts"}],"about":[{"href":"https:\/\/zonaroja.com.mx\/index.php?rest_route=\/wp\/v2\/types\/post"}],"author":[{"embeddable":true,"href":"https:\/\/zonaroja.com.mx\/index.php?rest_route=\/wp\/v2\/users\/2"}],"replies":[{"embeddable":true,"href":"https:\/\/zonaroja.com.mx\/index.php?rest_route=%2Fwp%2Fv2%2Fcomments&post=86468"}],"version-history":[{"count":1,"href":"https:\/\/zonaroja.com.mx\/index.php?rest_route=\/wp\/v2\/posts\/86468\/revisions"}],"predecessor-version":[{"id":86469,"href":"https:\/\/zonaroja.com.mx\/index.php?rest_route=\/wp\/v2\/posts\/86468\/revisions\/86469"}],"wp:featuredmedia":[{"embeddable":true,"href":"https:\/\/zonaroja.com.mx\/index.php?rest_route=\/wp\/v2\/media\/79689"}],"wp:attachment":[{"href":"https:\/\/zonaroja.com.mx\/index.php?rest_route=%2Fwp%2Fv2%2Fmedia&parent=86468"}],"wp:term":[{"taxonomy":"category","embeddable":true,"href":"https:\/\/zonaroja.com.mx\/index.php?rest_route=%2Fwp%2Fv2%2Fcategories&post=86468"},{"taxonomy":"post_tag","embeddable":true,"href":"https:\/\/zonaroja.com.mx\/index.php?rest_route=%2Fwp%2Fv2%2Ftags&post=86468"}],"curies":[{"name":"wp","href":"https:\/\/api.w.org\/{rel}","templated":true}]}}