{"id":86470,"date":"2025-11-02T14:30:00","date_gmt":"2025-11-02T20:30:00","guid":{"rendered":"https:\/\/zonaroja.com.mx\/?p=86470"},"modified":"2025-11-02T07:31:06","modified_gmt":"2025-11-02T13:31:06","slug":"denuncian-amenazas-por-exigir-indagar-patrimonio-de-senador-adan-augusto","status":"publish","type":"post","link":"https:\/\/zonaroja.com.mx\/?p=86470","title":{"rendered":"Denuncian amenazas por exigir indagar patrimonio de senador Ad\u00e1n Augusto\u00a0"},"content":{"rendered":"\n<p>Redacci\u00f3n\/Zona Roja.&nbsp;<\/p>\n\n\n\n<p>(Informaci\u00f3n de \u201cEl Financiero\u201d)<\/p>\n\n\n\n<p>Ciudad de M\u00e9xico, a 1 de noviembre de 2025.- La presidenta del Comit\u00e9 de Participaci\u00f3n Ciudadana del Sistema Nacional Anticorrupci\u00f3n (SNA), Vania P\u00e9rez Morales, denunci\u00f3 censura y presiones tras solicitar que el Senado de la Rep\u00fablica investigue las discrepancias patrimoniales y fiscales del senador morenista Ad\u00e1n Augusto L\u00f3pez Hern\u00e1ndez.<\/p>\n\n\n\n<p>En entrevista con Azucena Uresti, P\u00e9rez Morales se\u00f1al\u00f3 que, pese a haber entregado el oficio dirigido a la presidenta de la C\u00e1mara de Senadores, no han recibido respuesta ni comunicaci\u00f3n oficial del \u00f3rgano interno de control del Senado.<\/p>\n\n\n\n<p>La funcionaria record\u00f3 que el Comit\u00e9 hab\u00eda emitido un posicionamiento p\u00fablico para solicitar la investigaci\u00f3n, pero este fue retirado de las redes oficiales tras presiones internas. \u201cHubo censura y presi\u00f3n a los empleados; bajaron el comunicado y ah\u00ed muri\u00f3 el tema\u201d, relat\u00f3.<\/p>\n\n\n\n<p>La presidenta del SNA tambi\u00e9n revel\u00f3 haber recibido mensajes de acoso y amenazas tras la pol\u00e9mica, y lament\u00f3 que en M\u00e9xico \u201chacer tu trabajo se vea como un acto heroico\u201d.<\/p>\n\n\n\n<p>\u201cNo nos podemos acostumbrar a que transparentar el patrimonio sea motivo de castigo\u201d, afirm\u00f3.<\/p>\n\n\n\n<p>El caso ha generado respaldo de m\u00e1s de 30 organizaciones civiles, que esta semana exigieron una investigaci\u00f3n transparente. Sin embargo, hasta ahora ninguna autoridad ha dado seguimiento formal al exhorto.<\/p>\n\n\n\n<p>P\u00e9rez Morales asegur\u00f3 que no se rendir\u00e1 ante los intentos de silenciar su trabajo. \u201cLas instituciones no est\u00e1n haciendo lo que les corresponde. No podemos acostumbrarnos a la opacidad, a los regalos, ni a los conflictos de inter\u00e9s\u201d, enfatiz\u00f3.<\/p>\n\n\n\n<p>\u201cNosotros representamos la voz de 120 millones de mexicanos que piden rendici\u00f3n de cuentas. El Senado tiene la obligaci\u00f3n de responder\u201d, sostuvo P\u00e9rez Morales.<\/p>\n\n\n\n<p>La semana pasada, integrantes del Comit\u00e9 de Participaci\u00f3n Ciudadana del SNA presentaron una solicitud formal al Senado, al Servicio de Administraci\u00f3n Tributaria (SAT) y a la Auditor\u00eda Superior de la Federaci\u00f3n (ASF) para que se investiguen posibles inconsistencias patrimoniales y fiscales del legislador Ad\u00e1n Augusto L\u00f3pez.<\/p>\n\n\n\n<p>La petici\u00f3n se sustenta en los siguientes puntos:<\/p>\n\n\n\n<p>Se advierte la existencia de \u201cposibles conflictos de inter\u00e9s vinculados al coordinador de la mayor\u00eda parlamentaria\u201d.<\/p>\n\n\n\n<p>Se plantea que, dada la investidura legislativa del senador, resulta \u201cnecesario aclarar, sin ambig\u00fcedades, cualquier duda razonable y garantizar la rendici\u00f3n de cuentas ante la ciudadan\u00eda\u201d.<\/p>\n\n\n\n<p>El documento fue presentado por Vania P\u00e9rez Morales junto con un grupo de integrantes del Comit\u00e9 de Participaci\u00f3n Ciudadana, quienes difundieron p\u00fablicamente su postura.<\/p>\n\n\n\n<p>\u201cEl peso de la investidura legislativa y la obligaci\u00f3n de ejemplaridad de quienes integran el Senado hacen necesario esclarecer, sin ambig\u00fcedades, toda duda razonable y garantizar la rendici\u00f3n de cuentas ante la ciudadan\u00eda. Este posicionamiento no prejuzga; \u00fanicamente reconoce la existencia de se\u00f1alamientos que requieren verificaci\u00f3n oficial, pronta y documentada\u201d, se lee en el texto.<\/p>\n\n\n\n<p>Al ser cuestionado por medios, L\u00f3pez Hern\u00e1ndez consider\u00f3 que dichos se\u00f1alamientos responden a una campa\u00f1a orquestada en su contra y obedecen m\u00e1s a una motivaci\u00f3n pol\u00edtica que a la b\u00fasqueda de la rendici\u00f3n de cuentas.<\/p>\n\n\n\n<p>\u201cDesde luego que es una campa\u00f1ita, \u00bfa poco hasta ahora se dio cuenta? No hay ning\u00fan solo se\u00f1alamiento\u201d, declar\u00f3 el legislador en rueda de prensa.<\/p>\n\n\n\n<p>El l\u00edder de Morena en la C\u00e1mara Alta afirm\u00f3 que est\u00e1n en su derecho de denunciarlo \u201chasta 200 veces\u201d, aunque dijo que no es algo que le preocupe, pues toda la informaci\u00f3n sobre su declaraci\u00f3n patrimonial est\u00e1 en poder de la Contralor\u00eda del Senado.<\/p>\n","protected":false},"excerpt":{"rendered":"<p>Redacci\u00f3n\/Zona Roja.&nbsp; (Informaci\u00f3n de \u201cEl Financiero\u201d) Ciudad de M\u00e9xico, a 1 de noviembre de 2025.-&hellip;<\/p>\n","protected":false},"author":2,"featured_media":82711,"comment_status":"closed","ping_status":"open","sticky":false,"template":"","format":"standard","meta":{"_lmt_disableupdate":"","_lmt_disable":"","_jetpack_memberships_contains_paid_content":false,"footnotes":""},"categories":[109,47],"tags":[3288],"class_list":["post-86470","post","type-post","status-publish","format-standard","has-post-thumbnail","hentry","category-minuto-a-minuto","category-zona-gris","tag-adan-augusto-lopez"],"jetpack_featured_media_url":"https:\/\/zonaroja.com.mx\/wp-content\/uploads\/2025\/07\/Adan-Augusto-Lopez-.jpg","jetpack_sharing_enabled":true,"_links":{"self":[{"href":"https:\/\/zonaroja.com.mx\/index.php?rest_route=\/wp\/v2\/posts\/86470","targetHints":{"allow":["GET"]}}],"collection":[{"href":"https:\/\/zonaroja.com.mx\/index.php?rest_route=\/wp\/v2\/posts"}],"about":[{"href":"https:\/\/zonaroja.com.mx\/index.php?rest_route=\/wp\/v2\/types\/post"}],"author":[{"embeddable":true,"href":"https:\/\/zonaroja.com.mx\/index.php?rest_route=\/wp\/v2\/users\/2"}],"replies":[{"embeddable":true,"href":"https:\/\/zonaroja.com.mx\/index.php?rest_route=%2Fwp%2Fv2%2Fcomments&post=86470"}],"version-history":[{"count":1,"href":"https:\/\/zonaroja.com.mx\/index.php?rest_route=\/wp\/v2\/posts\/86470\/revisions"}],"predecessor-version":[{"id":86471,"href":"https:\/\/zonaroja.com.mx\/index.php?rest_route=\/wp\/v2\/posts\/86470\/revisions\/86471"}],"wp:featuredmedia":[{"embeddable":true,"href":"https:\/\/zonaroja.com.mx\/index.php?rest_route=\/wp\/v2\/media\/82711"}],"wp:attachment":[{"href":"https:\/\/zonaroja.com.mx\/index.php?rest_route=%2Fwp%2Fv2%2Fmedia&parent=86470"}],"wp:term":[{"taxonomy":"category","embeddable":true,"href":"https:\/\/zonaroja.com.mx\/index.php?rest_route=%2Fwp%2Fv2%2Fcategories&post=86470"},{"taxonomy":"post_tag","embeddable":true,"href":"https:\/\/zonaroja.com.mx\/index.php?rest_route=%2Fwp%2Fv2%2Ftags&post=86470"}],"curies":[{"name":"wp","href":"https:\/\/api.w.org\/{rel}","templated":true}]}}