{"id":86474,"date":"2025-11-02T18:32:39","date_gmt":"2025-11-03T00:32:39","guid":{"rendered":"https:\/\/zonaroja.com.mx\/?p=86474"},"modified":"2025-11-02T18:32:42","modified_gmt":"2025-11-03T00:32:42","slug":"juchitan-rompe-record-casi-un-asesinado-cada-dia-hoy-otro","status":"publish","type":"post","link":"https:\/\/zonaroja.com.mx\/?p=86474","title":{"rendered":"Juchit\u00e1n rompe r\u00e9cord: casi un asesinado cada d\u00eda; hoy otro"},"content":{"rendered":"\n<p>Ismael Garc\u00eda M.\/Zona Roja.<\/p>\n\n\n\n<p>Oaxaca, Oax., a 2 de noviembre de 2025.- En un lapso de una semana, cinco personas fueron asesinadas en Juchit\u00e1n de Zaragoza, lo que da un promedio de casi un crimen cada d\u00eda.<\/p>\n\n\n\n<p>Este domingo por la tarde se registr\u00f3 otra ejecuci\u00f3n, ahora en contra del dirigente de una organizaci\u00f3n de mototaxistas \u201cEMP\u201d. Al menos dos sujetos armados, a bordo de una motocicleta, acribillaron a la v\u00edctima en un campo de futbol de la colonia 10 de Mayo, en la Novena Secci\u00f3n.<\/p>\n\n\n\n<p>La v\u00edctima fue identificada como Victoriano \u201cN\u201d, conocido como \u201cMili\u201d, de unos 40 a\u00f1os de edad, quien fue trasladado por param\u00e9dicos a un hospital, donde perdi\u00f3 la vida al llegar, debido a la gravedad de las lesiones.<\/p>\n\n\n\n<p>Como suele suceder, no hab\u00eda polic\u00edas municipales en la zona, pese a que el hecho criminal ocurri\u00f3 a la luz del d\u00eda.<\/p>\n\n\n\n<p>El hoy occiso era un dirigente social de colonos y tambi\u00e9n de una agrupaci\u00f3n de mototaxistas; hasta el momento se desconoce qui\u00e9n o qui\u00e9nes lo privaron de la vida.<\/p>\n\n\n\n<p>Apenas el s\u00e1bado por la noche fue ultimado otro mototaxista, sin que hasta el momento haya mayor informaci\u00f3n respecto a la identidad de los criminales.<\/p>\n\n\n\n<p>Los otros asesinatos ocurrieron el jueves 30 de octubre, el lunes 27 de octubre y el s\u00e1bado 25 de octubre.<\/p>\n\n\n\n<p>Pese a la grave violencia, la autoridad municipal que preside Miguel S\u00e1nchez Altamirano, del Partido Morena, no ha emitido ning\u00fan pronunciamiento al respecto ni tampoco ha reforzado la seguridad.<\/p>\n","protected":false},"excerpt":{"rendered":"<p>Ismael Garc\u00eda M.\/Zona Roja. Oaxaca, Oax., a 2 de noviembre de 2025.- En un lapso&hellip;<\/p>\n","protected":false},"author":2,"featured_media":68050,"comment_status":"closed","ping_status":"open","sticky":false,"template":"","format":"standard","meta":{"_lmt_disableupdate":"","_lmt_disable":"","_jetpack_memberships_contains_paid_content":false,"footnotes":""},"categories":[109,51],"tags":[123],"class_list":["post-86474","post","type-post","status-publish","format-standard","has-post-thumbnail","hentry","category-minuto-a-minuto","category-zona-roja","tag-juchitan-de-zaragoza"],"jetpack_featured_media_url":"https:\/\/zonaroja.com.mx\/wp-content\/uploads\/2024\/05\/Escena-asesinato-crimen.jpg","jetpack_sharing_enabled":true,"_links":{"self":[{"href":"https:\/\/zonaroja.com.mx\/index.php?rest_route=\/wp\/v2\/posts\/86474","targetHints":{"allow":["GET"]}}],"collection":[{"href":"https:\/\/zonaroja.com.mx\/index.php?rest_route=\/wp\/v2\/posts"}],"about":[{"href":"https:\/\/zonaroja.com.mx\/index.php?rest_route=\/wp\/v2\/types\/post"}],"author":[{"embeddable":true,"href":"https:\/\/zonaroja.com.mx\/index.php?rest_route=\/wp\/v2\/users\/2"}],"replies":[{"embeddable":true,"href":"https:\/\/zonaroja.com.mx\/index.php?rest_route=%2Fwp%2Fv2%2Fcomments&post=86474"}],"version-history":[{"count":1,"href":"https:\/\/zonaroja.com.mx\/index.php?rest_route=\/wp\/v2\/posts\/86474\/revisions"}],"predecessor-version":[{"id":86475,"href":"https:\/\/zonaroja.com.mx\/index.php?rest_route=\/wp\/v2\/posts\/86474\/revisions\/86475"}],"wp:featuredmedia":[{"embeddable":true,"href":"https:\/\/zonaroja.com.mx\/index.php?rest_route=\/wp\/v2\/media\/68050"}],"wp:attachment":[{"href":"https:\/\/zonaroja.com.mx\/index.php?rest_route=%2Fwp%2Fv2%2Fmedia&parent=86474"}],"wp:term":[{"taxonomy":"category","embeddable":true,"href":"https:\/\/zonaroja.com.mx\/index.php?rest_route=%2Fwp%2Fv2%2Fcategories&post=86474"},{"taxonomy":"post_tag","embeddable":true,"href":"https:\/\/zonaroja.com.mx\/index.php?rest_route=%2Fwp%2Fv2%2Ftags&post=86474"}],"curies":[{"name":"wp","href":"https:\/\/api.w.org\/{rel}","templated":true}]}}