{"id":86476,"date":"2025-11-02T20:18:01","date_gmt":"2025-11-03T02:18:01","guid":{"rendered":"https:\/\/zonaroja.com.mx\/?p=86476"},"modified":"2025-11-02T20:18:04","modified_gmt":"2025-11-03T02:18:04","slug":"acribillaron-a-edil-de-uruapan-pese-a-custodia-de-14-elementos-de-la-guardia-nacional","status":"publish","type":"post","link":"https:\/\/zonaroja.com.mx\/?p=86476","title":{"rendered":"Acribillaron a edil de Uruapan, pese a custodia de 14 elementos de la Guardia Nacional"},"content":{"rendered":"\n<p>Redacci\u00f3n\/Zona Roja Cdmx.<\/p>\n\n\n\n<p>(Informaci\u00f3n de \u201cEl Sol de Morelia\u201d)<\/p>\n\n\n\n<p>Ciudad de M\u00e9xico, a 2 de noviembre de 2025.- Pese a que el edil municipal de Uruapan, Carlos Manzo, hab\u00eda solicitado en reiteradas ocasiones el aumento de efectivos del ej\u00e9rcito en la zona, Omar Garc\u00eda Harfuch, secretario de Seguridad P\u00fablica Federal, asegur\u00f3 que Manzo contaba con una escolta de 14 elementos de la Guardia Nacional.<\/p>\n\n\n\n<p>Garc\u00eda Harfuch detall\u00f3 que desde diciembre de 2024 el edil uruapense ten\u00eda asignado personal de seguridad federal y que en mayo de 2025 se reforz\u00f3 el n\u00famero de efectivos. As\u00ed mismo, precis\u00f3 que Manzo contaba con 2 veh\u00edculos de la Defensa Nacional para su traslado y resguardo.<\/p>\n\n\n\n<p>De modo tal que, la noche de su homicidio, contaba con un esquema de seguridad conformado por 14 elementos de la Guardia Nacional . A pesar de esto, hubo un \u201caprovechamiento\u201d del tumulto de personas reunidas en el Festival de las Velas en Uruapan para asesinar al edil del sombrero.<\/p>\n\n\n\n<p>La seguridad personal de Manzo estaba asignada a la Polic\u00eda Municipal de Uruapan, esto a petici\u00f3n del mismo alcalde, qui\u00e9n prefiri\u00f3 tener a personas de su confianza a cargo de su seguridad inmediata.<\/p>\n\n\n\n<p>Por su parte, el General Secretario de la Defensa Nacional, Ricardo Trevilla Trejo, present\u00f3 una l\u00ednea del tiempo de las acciones de seguridad implementadas en el municipio de Uruapan. Destac\u00f3 los operativos de seguridad y las veces en que armas y sustancias il\u00edcitas fueron confiscadas en la zona.<\/p>\n\n\n\n<p>Trevilla agreg\u00f3 que el presidente municipal sostuvo cuatro reuniones en la 21 Zona Militar: En las dos primeras solicit\u00f3 m\u00e1s tropas. Mientras que en las \u00faltimas dos, dijo, se analizaron refuerzos espec\u00edficos en sectores conflictivos de Uruapan as\u00ed como los avances en la estrategia de seguridad.<\/p>\n\n\n\n<p>Respecto a los hechos, Garc\u00eda Harfuch aclar\u00f3 que no hay detenidos. La persona que result\u00f3 herida durante el ataque est\u00e1 en calidad de testigo, mientras que el hombre abatido en el lugar no ha sido identificado ni vinculado con alg\u00fan grupo delictivo.<\/p>\n\n\n\n<p><\/p>\n","protected":false},"excerpt":{"rendered":"<p>Redacci\u00f3n\/Zona Roja Cdmx. (Informaci\u00f3n de \u201cEl Sol de Morelia\u201d) Ciudad de M\u00e9xico, a 2 de&hellip;<\/p>\n","protected":false},"author":2,"featured_media":86477,"comment_status":"closed","ping_status":"open","sticky":false,"template":"","format":"standard","meta":{"_lmt_disableupdate":"","_lmt_disable":"","_jetpack_memberships_contains_paid_content":false,"footnotes":""},"categories":[109,47],"tags":[4507,507],"class_list":["post-86476","post","type-post","status-publish","format-standard","has-post-thumbnail","hentry","category-minuto-a-minuto","category-zona-gris","tag-carlos-manzo-rodriguez","tag-uruapan-michoacan-2"],"jetpack_featured_media_url":"https:\/\/zonaroja.com.mx\/wp-content\/uploads\/2025\/11\/Carlos-Manzo-Uruapan.jpeg","jetpack_sharing_enabled":true,"_links":{"self":[{"href":"https:\/\/zonaroja.com.mx\/index.php?rest_route=\/wp\/v2\/posts\/86476","targetHints":{"allow":["GET"]}}],"collection":[{"href":"https:\/\/zonaroja.com.mx\/index.php?rest_route=\/wp\/v2\/posts"}],"about":[{"href":"https:\/\/zonaroja.com.mx\/index.php?rest_route=\/wp\/v2\/types\/post"}],"author":[{"embeddable":true,"href":"https:\/\/zonaroja.com.mx\/index.php?rest_route=\/wp\/v2\/users\/2"}],"replies":[{"embeddable":true,"href":"https:\/\/zonaroja.com.mx\/index.php?rest_route=%2Fwp%2Fv2%2Fcomments&post=86476"}],"version-history":[{"count":1,"href":"https:\/\/zonaroja.com.mx\/index.php?rest_route=\/wp\/v2\/posts\/86476\/revisions"}],"predecessor-version":[{"id":86478,"href":"https:\/\/zonaroja.com.mx\/index.php?rest_route=\/wp\/v2\/posts\/86476\/revisions\/86478"}],"wp:featuredmedia":[{"embeddable":true,"href":"https:\/\/zonaroja.com.mx\/index.php?rest_route=\/wp\/v2\/media\/86477"}],"wp:attachment":[{"href":"https:\/\/zonaroja.com.mx\/index.php?rest_route=%2Fwp%2Fv2%2Fmedia&parent=86476"}],"wp:term":[{"taxonomy":"category","embeddable":true,"href":"https:\/\/zonaroja.com.mx\/index.php?rest_route=%2Fwp%2Fv2%2Fcategories&post=86476"},{"taxonomy":"post_tag","embeddable":true,"href":"https:\/\/zonaroja.com.mx\/index.php?rest_route=%2Fwp%2Fv2%2Ftags&post=86476"}],"curies":[{"name":"wp","href":"https:\/\/api.w.org\/{rel}","templated":true}]}}