{"id":86479,"date":"2025-11-03T07:31:17","date_gmt":"2025-11-03T13:31:17","guid":{"rendered":"https:\/\/zonaroja.com.mx\/?p=86479"},"modified":"2025-11-03T07:31:21","modified_gmt":"2025-11-03T13:31:21","slug":"lesionan-a-turista-japones-en-oaxaca-detienen-al-agresor","status":"publish","type":"post","link":"https:\/\/zonaroja.com.mx\/?p=86479","title":{"rendered":"Lesionan a turista japon\u00e9s en Oaxaca; detienen al agresor"},"content":{"rendered":"\n<p>Ismael Garc\u00eda M.\/Zona Roja.<\/p>\n\n\n\n<p>Oaxaca, Oax., a 3 de noviembre de 2025.- Un joven extranjero de origen asi\u00e1tico, fue lesionado anoche con un arma blanca, en la calle Jos\u00e9 L\u00f3pez Alav\u00e9s del barrio de Xochimilco, ciudad de Oaxaca, en el marco de las festividades por el D\u00eda de Muertos.<\/p>\n\n\n\n<p>El hecho ocurri\u00f3 cerca de las 20:00 horas y la v\u00edctima fue identificada de manera preliminar como Noki I., de 31 a\u00f1os de edad, quien presenta varias lesiones, una de ellas en el abdomen; fue atendida por personal de la Cruz Roja Mexicana y trasladada a un hospital; lo reportan delicada de salud.<\/p>\n\n\n\n<p>De acuerdo con un video distribuido a trav\u00e9s de las redes sociales, tras la agresi\u00f3n cerca de la plazuela de la Cruz de Piedra, el presunto delincuente huy\u00f3 sobre la misma vialidad.<\/p>\n\n\n\n<p>Tras ello, el Gobierno del Estado dio a conocer que se logr\u00f3 la detenci\u00f3n del probable responsable de agredir a una persona del sexo masculino, la noche de este domingo.<\/p>\n\n\n\n<p>\u201cTras recibir el reporte de este incidente, se implement\u00f3 de manera inmediata un operativo en el que participaron activamente las diferentes corporaciones de seguridad estatales.<\/p>\n\n\n\n<p>Dicho despliegue t\u00e1ctico result\u00f3 exitoso con la detenci\u00f3n del presunto agresor por parte de elementos de la Agencia Estatal de Investigaciones (AEI), que depende de la Fiscal\u00eda General del Estado (FGEO).<\/p>\n\n\n\n<p>\u201cEl individuo ha sido puesto a disposici\u00f3n de la autoridad ministerial correspondiente para determinar su situaci\u00f3n jur\u00eddica\u201d, difundi\u00f3 en un comunicado.<\/p>\n\n\n\n<p>Por su parte, el ayuntamiento de Oaxaca de Ju\u00e1rez dio a conocer que la polic\u00eda municipal, en coordinaci\u00f3n con param\u00e9dicos de la Cruz Roja Mexicana, brindaron atenci\u00f3n oportuna a una persona que result\u00f3 lesionada en la calle Jos\u00e9 L\u00f3pez Alav\u00e9s, del tradicional barrio de Xochimilco.<\/p>\n\n\n\n<p>\u201cDe manera inmediata, se aplicaron los protocolos de auxilio y la persona fue trasladada a una unidad m\u00e9dica para su valoraci\u00f3n y atenci\u00f3n correspondiente.<\/p>\n\n\n\n<p>\u201cLa autoridad municipal mantuvo resguardo en el \u00e1rea y confirm\u00f3 que las pertenencias del afectado fueron aseguradas. El caso fue turnado a la instancia competente, que llevar\u00e1 a cabo las indagatorias correspondientes para esclarecer los hechos y se fortalecen los patrullajes para dar con el o los responsables del hecho\u201d, expuso.<\/p>\n\n\n\n<figure class=\"wp-block-embed is-type-rich is-provider-twitter wp-block-embed-twitter\"><div class=\"wp-block-embed__wrapper\">\n<div class=\"twitter-tweet\"><blockquote class=\"twitter-tweet\" data-lang=\"es\"><p lang=\"es\" dir=\"ltr\">As\u00ed atacaron con arma blanca anoche a una persona de origen asi\u00e1tico en la calle Jos\u00e9 L\u00f3pez Alavez, barrio de Xochimilco, ciudad de Oaxaca. <br>La <a href=\"https:\/\/twitter.com\/SSPC_GobOax?ref_src=twsrc%5Etfw\">@SSPC_GobOax<\/a> y el <a href=\"https:\/\/twitter.com\/MunicipioOaxaca?ref_src=twsrc%5Etfw\">@MunicipioOaxaca<\/a> informaron de la detenci\u00f3n del agresor. <a href=\"https:\/\/t.co\/FoJVY4NpV5\">pic.twitter.com\/FoJVY4NpV5<\/a><\/p>&mdash; Zona Roja Oaxaca (@ZonaRoja_Oaxaca) <a href=\"https:\/\/twitter.com\/ZonaRoja_Oaxaca\/status\/1985337710672765342?ref_src=twsrc%5Etfw\">3 de noviembre de 2025<\/a><\/blockquote><\/div>\n<\/div><\/figure>\n","protected":false},"excerpt":{"rendered":"<p>Ismael Garc\u00eda M.\/Zona Roja. Oaxaca, Oax., a 3 de noviembre de 2025.- Un joven extranjero&hellip;<\/p>\n","protected":false},"author":2,"featured_media":86480,"comment_status":"closed","ping_status":"open","sticky":false,"template":"","format":"standard","meta":{"_lmt_disableupdate":"","_lmt_disable":"","_jetpack_memberships_contains_paid_content":false,"footnotes":""},"categories":[109,47],"tags":[148],"class_list":["post-86479","post","type-post","status-publish","format-standard","has-post-thumbnail","hentry","category-minuto-a-minuto","category-zona-gris","tag-oaxaca-de-juarez"],"jetpack_featured_media_url":"https:\/\/zonaroja.com.mx\/wp-content\/uploads\/2025\/11\/Japones-lesionado-ciudad-de-Oaxaca.jpeg","jetpack_sharing_enabled":true,"_links":{"self":[{"href":"https:\/\/zonaroja.com.mx\/index.php?rest_route=\/wp\/v2\/posts\/86479","targetHints":{"allow":["GET"]}}],"collection":[{"href":"https:\/\/zonaroja.com.mx\/index.php?rest_route=\/wp\/v2\/posts"}],"about":[{"href":"https:\/\/zonaroja.com.mx\/index.php?rest_route=\/wp\/v2\/types\/post"}],"author":[{"embeddable":true,"href":"https:\/\/zonaroja.com.mx\/index.php?rest_route=\/wp\/v2\/users\/2"}],"replies":[{"embeddable":true,"href":"https:\/\/zonaroja.com.mx\/index.php?rest_route=%2Fwp%2Fv2%2Fcomments&post=86479"}],"version-history":[{"count":1,"href":"https:\/\/zonaroja.com.mx\/index.php?rest_route=\/wp\/v2\/posts\/86479\/revisions"}],"predecessor-version":[{"id":86481,"href":"https:\/\/zonaroja.com.mx\/index.php?rest_route=\/wp\/v2\/posts\/86479\/revisions\/86481"}],"wp:featuredmedia":[{"embeddable":true,"href":"https:\/\/zonaroja.com.mx\/index.php?rest_route=\/wp\/v2\/media\/86480"}],"wp:attachment":[{"href":"https:\/\/zonaroja.com.mx\/index.php?rest_route=%2Fwp%2Fv2%2Fmedia&parent=86479"}],"wp:term":[{"taxonomy":"category","embeddable":true,"href":"https:\/\/zonaroja.com.mx\/index.php?rest_route=%2Fwp%2Fv2%2Fcategories&post=86479"},{"taxonomy":"post_tag","embeddable":true,"href":"https:\/\/zonaroja.com.mx\/index.php?rest_route=%2Fwp%2Fv2%2Ftags&post=86479"}],"curies":[{"name":"wp","href":"https:\/\/api.w.org\/{rel}","templated":true}]}}