{"id":86482,"date":"2025-11-03T08:15:00","date_gmt":"2025-11-03T14:15:00","guid":{"rendered":"https:\/\/zonaroja.com.mx\/?p=86482"},"modified":"2025-11-03T08:01:07","modified_gmt":"2025-11-03T14:01:07","slug":"aumenta-a-dos-los-asesinados-por-conflicto-yolotepec-yosondua","status":"publish","type":"post","link":"https:\/\/zonaroja.com.mx\/?p=86482","title":{"rendered":"Aumenta a dos los asesinados por conflicto Yolotepec-Yosond\u00faa"},"content":{"rendered":"\n<p>Raymundo Morales\/Zona Roja.<\/p>\n\n\n\n<p>Oaxaca, Oax., a 3 de noviembre de 2025.- A dos aument\u00f3 el n\u00famero de personas asesinadas a causa del conflicto agrario entre Santiago Yosond\u00faa y Santa Mar\u00eda Yolotepec, en la regi\u00f3n Mixteca de Oaxaca.<\/p>\n\n\n\n<p>De manera extraoficial, las v\u00edctimas fueron identificadas como Misael H. L., de 35 a\u00f1os de edad y originario de Yolotepec, y Fernando G. S., de 29 a\u00f1os de edad, de Cuajilote, Yosond\u00faa.<\/p>\n\n\n\n<p>Las recientes agresiones armadas se reactivaron desde el pasado jueves y las v\u00edctimas mortales se registraron el pasado s\u00e1bado; la violencia estall\u00f3 el 19 de agosto, con la quema de viviendas y desplazamiento de habitantes de la localidad de Buenavista.<\/p>\n\n\n\n<p>El s\u00e1bado, corporaciones policiacas coordinadas por la Fiscal\u00eda General del Estado efectuaron operativos y detuvieron a dos personas, informaci\u00f3n que no ha sido confirmada de manera oficial.<\/p>\n\n\n\n<p>Sin embargo, de acuerdo con registros nacionales, indagados por el periodista Tom\u00e1s Mart\u00ednez, fueron aprehendidos Florentino V. J. y Amada L. F., comisariados comunales que estar\u00edan azuzando el conflicto armado.<\/p>\n\n\n\n<p>Por su parte, el Gobierno del Estado inform\u00f3 ayer que, como parte de las estrategias para el fortalecimiento de la paz y la seguridad en la Mixteca, \u201cdonde se han suscitado acciones que vulneran la paz social\u201d, este domingo se pusieron en marcha operativos de inteligencia a\u00e9rea en pol\u00edgonos prioritarios de Santiago Yosond\u00faa, Santa Mar\u00eda Yolotepec y Santa Mar\u00eda Ixcatl\u00e1n.<\/p>\n\n\n\n<p>\u201cEstas acciones consisten en sobrevuelos estrat\u00e9gicos de reconocimiento y vigilancia, cuyo objetivo principal es robustecer las labores de inteligencia, mediante el uso de equipos de fotograf\u00eda especializada de alta resoluci\u00f3n para identificar personas y lugares presuntamente vinculados con la portaci\u00f3n o almacenamiento de armamento.<\/p>\n\n\n\n<p>\u201cAdem\u00e1s, ubicar y dar seguimiento a veh\u00edculos utilizados para la comisi\u00f3n de actividades il\u00edcitas, aunado a ello, permitir\u00e1 corroborar informaci\u00f3n previa con la que ya se cuenta sobre las unidades que emplean estos grupos para movilizarse y detectar a personas en situaci\u00f3n de desplazamiento irregular\u201d.<\/p>\n\n\n\n<p>En un comunicado, indic\u00f3 que la informaci\u00f3n que se ha recabado a trav\u00e9s labores a\u00e9reas ser\u00e1 analizada y compartida con las corporaciones de seguridad en tierra, as\u00ed como con las instancias de procuraci\u00f3n de justicia, con el fin de fortalecer las carpetas de investigaci\u00f3n y planear operativos subsecuentes.<\/p>\n\n\n\n<p>\u201cEl Gabinete de Seguridad utiliza todas las herramientas tecnol\u00f3gicas y operativas a su alcance para identificar focos de riesgo y actuar con contundencia contra quienes atenten contra la paz y el patrimonio de las y los oaxaque\u00f1os\u201d, destac\u00f3.<\/p>\n","protected":false},"excerpt":{"rendered":"<p>Raymundo Morales\/Zona Roja. Oaxaca, Oax., a 3 de noviembre de 2025.- A dos aument\u00f3 el&hellip;<\/p>\n","protected":false},"author":2,"featured_media":86485,"comment_status":"closed","ping_status":"open","sticky":false,"template":"","format":"standard","meta":{"_lmt_disableupdate":"","_lmt_disable":"","_jetpack_memberships_contains_paid_content":false,"footnotes":""},"categories":[109,47],"tags":[4412,3925],"class_list":["post-86482","post","type-post","status-publish","format-standard","has-post-thumbnail","hentry","category-minuto-a-minuto","category-zona-gris","tag-santa-maria-yolotepec","tag-santiago-yosondua"],"jetpack_featured_media_url":"https:\/\/zonaroja.com.mx\/wp-content\/uploads\/2025\/11\/Conflicto-Yosondua-Yolotepec.jpeg","jetpack_sharing_enabled":true,"_links":{"self":[{"href":"https:\/\/zonaroja.com.mx\/index.php?rest_route=\/wp\/v2\/posts\/86482","targetHints":{"allow":["GET"]}}],"collection":[{"href":"https:\/\/zonaroja.com.mx\/index.php?rest_route=\/wp\/v2\/posts"}],"about":[{"href":"https:\/\/zonaroja.com.mx\/index.php?rest_route=\/wp\/v2\/types\/post"}],"author":[{"embeddable":true,"href":"https:\/\/zonaroja.com.mx\/index.php?rest_route=\/wp\/v2\/users\/2"}],"replies":[{"embeddable":true,"href":"https:\/\/zonaroja.com.mx\/index.php?rest_route=%2Fwp%2Fv2%2Fcomments&post=86482"}],"version-history":[{"count":1,"href":"https:\/\/zonaroja.com.mx\/index.php?rest_route=\/wp\/v2\/posts\/86482\/revisions"}],"predecessor-version":[{"id":86486,"href":"https:\/\/zonaroja.com.mx\/index.php?rest_route=\/wp\/v2\/posts\/86482\/revisions\/86486"}],"wp:featuredmedia":[{"embeddable":true,"href":"https:\/\/zonaroja.com.mx\/index.php?rest_route=\/wp\/v2\/media\/86485"}],"wp:attachment":[{"href":"https:\/\/zonaroja.com.mx\/index.php?rest_route=%2Fwp%2Fv2%2Fmedia&parent=86482"}],"wp:term":[{"taxonomy":"category","embeddable":true,"href":"https:\/\/zonaroja.com.mx\/index.php?rest_route=%2Fwp%2Fv2%2Fcategories&post=86482"},{"taxonomy":"post_tag","embeddable":true,"href":"https:\/\/zonaroja.com.mx\/index.php?rest_route=%2Fwp%2Fv2%2Ftags&post=86482"}],"curies":[{"name":"wp","href":"https:\/\/api.w.org\/{rel}","templated":true}]}}