{"id":86487,"date":"2025-11-03T09:15:00","date_gmt":"2025-11-03T15:15:00","guid":{"rendered":"https:\/\/zonaroja.com.mx\/?p=86487"},"modified":"2025-11-03T08:04:55","modified_gmt":"2025-11-03T14:04:55","slug":"con-ramirez-bedolla-7-alcaldes-asesinados-5-atacados-y-uno-desaparecido","status":"publish","type":"post","link":"https:\/\/zonaroja.com.mx\/?p=86487","title":{"rendered":"Con Ram\u00edrez Bedolla: 7 alcaldes asesinados, 5 atacados y uno desaparecido"},"content":{"rendered":"\n<p>Redacci\u00f3n\/Zona Roja Cdmx.<\/p>\n\n\n\n<p>(Informaci\u00f3n de Infobae M\u00e9xico)<\/p>\n\n\n\n<p>Ciudad de M\u00e9xico, a 3 de noviembre de 2025.- Durante la administraci\u00f3n del gobernador de Michoac\u00e1n, Alfredo Ram\u00edrez Bedolla, siete presidentes municipales fueron asesinados en distintos hechos de violencia registrados en la entidad. El m\u00e1s reciente fue el presidente municipal de Uruapan, Carlos Manzo Rodr\u00edguez, quien perdi\u00f3 la vida el pasado 1 de noviembre tras sufrir un atentado en pleno centro de la ciudad, mientras encabezaba el arranque de un evento.<\/p>\n\n\n\n<p>Con este crimen, suman ya siete alcaldes asesinados desde que Ram\u00edrez Bedolla asumi\u00f3 el cargo en octubre de 2021. Los funcionarios municipales pertenec\u00edan a diversos partidos pol\u00edticos, entre ellos el PRI, PAN, PVEM y Morena.<\/p>\n\n\n\n<p>CRONOLOG\u00cdA<\/p>\n\n\n\n<p>El primero ocurri\u00f3 el 8 de febrero de 2022, cuando Enrique Vel\u00e1zquez Orozco, alcalde de Contepec emanado del PRI, fue encontrado sin vida en un predio de la localidad El Jacal, dos d\u00edas despu\u00e9s de haber sido reportado como desaparecido.<\/p>\n\n\n\n<p>Un mes m\u00e1s tarde, el 11 de marzo de 2022, C\u00e9sar Arturo Valencia Caballero, edil de Aguililla y militante del PVEM, fue asesinado a bordo de su camioneta cuando circulaba por su municipio.<\/p>\n\n\n\n<p>Posteriormente, el 1 de abril de 2024, Guillermo Torres Rojas, alcalde de Churumuco y tambi\u00e9n del PRI, fue atacado a balazos mientras cenaba en una taquer\u00eda de Morelia, cerca del monumento a L\u00e1zaro C\u00e1rdenas.<\/p>\n\n\n\n<p>Ese mismo a\u00f1o, el 3 de junio, la presidenta municipal de Cotija, Yolanda S\u00e1nchez Figueroa, del PAN, fue asesinada en su municipio. Cabe recordar que en septiembre de 2023 hab\u00eda sido privada de la libertad en Jalisco, aunque tres d\u00edas despu\u00e9s apareci\u00f3 con vida.<\/p>\n\n\n\n<p>Un a\u00f1o despu\u00e9s, el 17 de junio de 2025, Martha Laura Mendoza Mendoza, alcaldesa de Tepalcatepec, fue ultimada a las afueras de su domicilio.<\/p>\n\n\n\n<p>Antes de Manzo Rodr\u00edguez, el quinto edil asesinado hab\u00eda sido Salvador Bastida Garc\u00eda, presidente municipal de Tac\u00e1mbaro, lo que ya entonces encendi\u00f3 las alertas sobre la violencia pol\u00edtica que enfrentan los gobiernos locales en el estado.<\/p>\n\n\n\n<p>UN DESAPARECIDO<\/p>\n\n\n\n<p>Adem\u00e1s de los siete asesinatos, un presidente municipal electo permanece desaparecido desde el 29 de junio de 2021. Se trata de Gilberto Mej\u00eda Salgado, quien gan\u00f3 la alcald\u00eda de Penjamillo por el Partido Encuentro Solidario (PES).<\/p>\n\n\n\n<p>De acuerdo con las investigaciones, Mej\u00eda fue privado de la libertad por un grupo armado mientras abr\u00eda su negocio en el centro del municipio. Hasta la fecha, no existen avances significativos por parte de la Fiscal\u00eda General del Estado (FGE) ni de la Secretar\u00eda de Seguridad P\u00fablica (SSP).<\/p>\n\n\n\n<p>Tras el asesinato de Salvador Bastida, el gobernador Alfredo Ram\u00edrez Bedolla afirm\u00f3 que ning\u00fan alcalde ha solicitado seguridad adicional al gobierno estatal.<\/p>\n\n\n\n<p>Durante su encuentro semanal con medios de comunicaci\u00f3n, el mandatario asegur\u00f3 que mantiene di\u00e1logo directo con los ediles para atender sus necesidades y que su administraci\u00f3n \u201cha estado al pendiente\u201d de la situaci\u00f3n de cada municipio.<\/p>\n","protected":false},"excerpt":{"rendered":"<p>Redacci\u00f3n\/Zona Roja Cdmx. (Informaci\u00f3n de Infobae M\u00e9xico) Ciudad de M\u00e9xico, a 3 de noviembre de&hellip;<\/p>\n","protected":false},"author":2,"featured_media":86484,"comment_status":"closed","ping_status":"open","sticky":false,"template":"","format":"standard","meta":{"_lmt_disableupdate":"","_lmt_disable":"","_jetpack_memberships_contains_paid_content":false,"footnotes":""},"categories":[109,47],"tags":[4508,507],"class_list":["post-86487","post","type-post","status-publish","format-standard","has-post-thumbnail","hentry","category-minuto-a-minuto","category-zona-gris","tag-alfredo-ramirez-bedolla","tag-uruapan-michoacan-2"],"jetpack_featured_media_url":"https:\/\/zonaroja.com.mx\/wp-content\/uploads\/2025\/11\/Carlos-Manzo-Uruapan.jpg","jetpack_sharing_enabled":true,"_links":{"self":[{"href":"https:\/\/zonaroja.com.mx\/index.php?rest_route=\/wp\/v2\/posts\/86487","targetHints":{"allow":["GET"]}}],"collection":[{"href":"https:\/\/zonaroja.com.mx\/index.php?rest_route=\/wp\/v2\/posts"}],"about":[{"href":"https:\/\/zonaroja.com.mx\/index.php?rest_route=\/wp\/v2\/types\/post"}],"author":[{"embeddable":true,"href":"https:\/\/zonaroja.com.mx\/index.php?rest_route=\/wp\/v2\/users\/2"}],"replies":[{"embeddable":true,"href":"https:\/\/zonaroja.com.mx\/index.php?rest_route=%2Fwp%2Fv2%2Fcomments&post=86487"}],"version-history":[{"count":1,"href":"https:\/\/zonaroja.com.mx\/index.php?rest_route=\/wp\/v2\/posts\/86487\/revisions"}],"predecessor-version":[{"id":86488,"href":"https:\/\/zonaroja.com.mx\/index.php?rest_route=\/wp\/v2\/posts\/86487\/revisions\/86488"}],"wp:featuredmedia":[{"embeddable":true,"href":"https:\/\/zonaroja.com.mx\/index.php?rest_route=\/wp\/v2\/media\/86484"}],"wp:attachment":[{"href":"https:\/\/zonaroja.com.mx\/index.php?rest_route=%2Fwp%2Fv2%2Fmedia&parent=86487"}],"wp:term":[{"taxonomy":"category","embeddable":true,"href":"https:\/\/zonaroja.com.mx\/index.php?rest_route=%2Fwp%2Fv2%2Fcategories&post=86487"},{"taxonomy":"post_tag","embeddable":true,"href":"https:\/\/zonaroja.com.mx\/index.php?rest_route=%2Fwp%2Fv2%2Ftags&post=86487"}],"curies":[{"name":"wp","href":"https:\/\/api.w.org\/{rel}","templated":true}]}}