{"id":86499,"date":"2025-11-03T10:30:00","date_gmt":"2025-11-03T16:30:00","guid":{"rendered":"https:\/\/zonaroja.com.mx\/?p=86499"},"modified":"2025-11-03T10:48:19","modified_gmt":"2025-11-03T16:48:19","slug":"opinion-a-medio-ano-de-concluir-el-rectorado-la-uabjo-es-un-desastre","status":"publish","type":"post","link":"https:\/\/zonaroja.com.mx\/?p=86499","title":{"rendered":"Opini\u00f3n. A medio a\u00f1o de concluir el rectorado, la UABJO es un desastre"},"content":{"rendered":"\n<p>Ismael Garc\u00eda M.\/Zona Roja.<\/p>\n\n\n\n<p>Oaxaca, Oax., a 3 de noviembre de 2025.- A poco m\u00e1s de medio a\u00f1o de dejar la rector\u00eda, Cristian \u00c9der Carre\u00f1o L\u00f3pez tiene a la Universidad Aut\u00f3noma \u201cBenito Ju\u00e1rez\u201d convertida en un desastre.<\/p>\n\n\n\n<p>No hay una semana en que en la otrora gloriosa m\u00e1xima casa de estudios no haya un conflicto, ya sea de car\u00e1cter estudiantil o laboral.<\/p>\n\n\n\n<p>Anta\u00f1o, las diferencias las resolv\u00eda la propia Universidad con sus funcionarios y los afectados; en el caso extremo, tomaba cartas el Consejo Universitario, m\u00e1ximo \u00f3rgano de decisi\u00f3n.<\/p>\n\n\n\n<p>Pero en recientes fechas, con mayor frecuencia el gobierno estatal ha tenido que intervenir y mediar, ante la incapacidad del actual titular de la rector\u00eda, que prolong\u00f3 su estancia de manera ilegal por dos a\u00f1os.<\/p>\n\n\n\n<p>El pr\u00f3ximo 15 de mayo se prev\u00e9 la elecci\u00f3n de rector o rectora en la Universidad, pero como va la situaci\u00f3n, se avecina una tormenta pol\u00edtica.<\/p>\n\n\n\n<p>RECTORADO IN\u00daTIL<\/p>\n\n\n\n<p>Carre\u00f1o L\u00f3pez entr\u00f3 al relevo por dos a\u00f1os pero de manera precipitada, con un Consejo Universitario a modo y sin solemnidad, que sesion\u00f3 en un patio de la facultad de Arquitectura 5 de Mayo.<\/p>\n\n\n\n<p>Y cumplido ese lapso, supuestamente volvi\u00f3 a sesionar dicho consejo, para prologar el rectorado otros dos a\u00f1os, que est\u00e1n a punto de fenecer, sin m\u00e1s resultados que la opacidad presupuestal y el probable manejo del dinero a trav\u00e9s de empresas facturaras\u2026 del mismo rector.<\/p>\n\n\n\n<p>\u00bfEncuentran los universitarios alguna obra relevante en estos \u00faltimos a\u00f1os? No hay m\u00e1s que torniquetes inservibles en los accesos a Ciudad Universitaria; \u00bfalguna otra obra relevante? No hay m\u00e1s que un domo construido a un costado de la antigua sede de rector\u00eda, con costos millonarios. \u00bfHa mejorado la calidad de la educaci\u00f3n? Al contrario, ha empeorado. <\/p>\n\n\n\n<p>Es cierto que la mayor parte del recursos financiero de la Universidad se destina a sueldos y salarios y muy poco queda para acciones e infraestructura; pero hay otros fondos federales a los que se puede tener acceso a trav\u00e9s de proyectos, y ni as\u00ed.<\/p>\n\n\n\n<p>De acuerdo con el Presupuesto de Egresos 2025, la UABJO dispone este 2025 de mil 412 millones de pesos, pero esa cantidad, de acuerdo con fuentes internas, ya se termin\u00f3 y a\u00fan le quedan dos meses al a\u00f1o.<\/p>\n\n\n\n<p>Las sedes en el interior del estado, en Huajuapan de Le\u00f3n, Puerto Escondido y Tehuantepec, est\u00e1n el abandono y sobreviven con las cuotas que cobran.<\/p>\n\n\n\n<p>Por cierto, el rector mantiene el cobro de inscripciones y otros conceptos, a pesar de que por ley, la educaci\u00f3n universitaria ya es, ya debe ser gratuita en todo el pa\u00eds.<\/p>\n\n\n\n<p>AZUZA CONFLICTOS<\/p>\n\n\n\n<p>En contrario, \u00c9der Carre\u00f1o se ha dedicado a azuzar conflictos, como ocurri\u00f3 en los recientes casos en Santo Domingo Tehuantepec, donde pretendi\u00f3 retirar la Facultad de Medicina para llevarla a Juchit\u00e1n de Zaragoza.<\/p>\n\n\n\n<p>Las protestas y la movilizaci\u00f3n de estudiantes y padres de familia fren\u00f3 de manera parcial el compromiso del rector con el edil morenista Miguel S\u00e1nchez Altamirano.<\/p>\n\n\n\n<p>Pero opt\u00f3 por dejar la sede de Medicina en Tehuantepec y abrir otra en Juchit\u00e1n, como si tuviera suficiente personal acad\u00e9mico para cubrir esas dos instalaciones. El conflicto no ha terminado ah\u00ed y en cualquier momento puede estallar.<\/p>\n\n\n\n<p>Otro fue el l\u00edo interno con el Sindicato de Trabajadores y Empleados, donde un grupo de no m\u00e1s de 50 sindicalizados se apoder\u00f3 a principios de octubre de Ciudad Universitaria, y luego de otros planteles, en demanda de claridad sobre el otorgamiento de bases sindicales.<\/p>\n\n\n\n<p>Y en lugar de atender la problem\u00e1tica, los manifestantes acusaron que el rector mand\u00f3 a un grupo de \u201cporros\u201d a intentar retirar su protesta, lo que agrav\u00f3 la protesta.<\/p>\n\n\n\n<p>El 20 de octubre, incapaz de dialogar, convoc\u00f3 a toda la comunidad estudiantil a reanudar clases, lo que de nuevo se interpret\u00f3 como un intento de desalojo violento; de hecho, ese d\u00eda, un centenar de golpeadores lleg\u00f3 cerca de la manifestaci\u00f3n.<\/p>\n\n\n\n<p>Tuvo que ser el Gobierno del Estado el que llamara a las partes para hallar una soluci\u00f3n al conflicto con el reducido grupo de empleados del STEUABJO; pero, en contubernio con la nueva dirigencia sindical, alent\u00f3 la expulsi\u00f3n de los cabecillas de la inconformidad.<\/p>\n\n\n\n<p>Y aferrado a no perder la rector\u00eda, Cristian \u00c9der Carre\u00f1o, de la mano con el ex rector Abraham Mart\u00ednez Alav\u00e9s (que no duda en encarcelar a sus familiares con tal de mantenerse en el poder) ya azuza otros conflictos.<\/p>\n\n\n\n<p>Pretende imponer a un af\u00edn a su proyecto en la direcci\u00f3n de la Facultad de Derecho, as\u00ed sea negociando con grupos de oscuros intereses, para reemplazar a Roc\u00edo Mart\u00ednez Helmes, cuyo grupo cuenta con la mayor\u00eda de las simpat\u00edas.<\/p>\n\n\n\n<p>Con ello se avecina un en\u00e9simo problema que, para \u00c9der Carre\u00f1o, significa seguir ganando terreno as\u00ed sea con la violencia, para conservar la rector\u00eda para alguno de sus allegados.<\/p>\n\n\n\n<p>Sin embargo, desde el Palacio de Gobierno ya tomaron la medida al rector \u2014por cierto, f\u00e9rreo priista, impulsado por Alejandro Murat y por Jos\u00e9 Manuel Vera Salinas\u2014 y a pesar de sus desesperados intentos por congratularse con el partido oficial, ya no pasar\u00e1 su grupo.<\/p>\n","protected":false},"excerpt":{"rendered":"<p>Ismael Garc\u00eda M.\/Zona Roja. Oaxaca, Oax., a 3 de noviembre de 2025.- A poco m\u00e1s&hellip;<\/p>\n","protected":false},"author":2,"featured_media":67764,"comment_status":"closed","ping_status":"open","sticky":false,"template":"","format":"standard","meta":{"_lmt_disableupdate":"","_lmt_disable":"","_jetpack_memberships_contains_paid_content":false,"footnotes":""},"categories":[456,109,48],"tags":[1353],"class_list":["post-86499","post","type-post","status-publish","format-standard","has-post-thumbnail","hentry","category-columna","category-minuto-a-minuto","category-zona-critica","tag-opinion-zona-critica"],"jetpack_featured_media_url":"https:\/\/zonaroja.com.mx\/wp-content\/uploads\/2024\/04\/Opinion-Zona-Roja-Ismael-Garcia.jpg","jetpack_sharing_enabled":true,"_links":{"self":[{"href":"https:\/\/zonaroja.com.mx\/index.php?rest_route=\/wp\/v2\/posts\/86499","targetHints":{"allow":["GET"]}}],"collection":[{"href":"https:\/\/zonaroja.com.mx\/index.php?rest_route=\/wp\/v2\/posts"}],"about":[{"href":"https:\/\/zonaroja.com.mx\/index.php?rest_route=\/wp\/v2\/types\/post"}],"author":[{"embeddable":true,"href":"https:\/\/zonaroja.com.mx\/index.php?rest_route=\/wp\/v2\/users\/2"}],"replies":[{"embeddable":true,"href":"https:\/\/zonaroja.com.mx\/index.php?rest_route=%2Fwp%2Fv2%2Fcomments&post=86499"}],"version-history":[{"count":2,"href":"https:\/\/zonaroja.com.mx\/index.php?rest_route=\/wp\/v2\/posts\/86499\/revisions"}],"predecessor-version":[{"id":86501,"href":"https:\/\/zonaroja.com.mx\/index.php?rest_route=\/wp\/v2\/posts\/86499\/revisions\/86501"}],"wp:featuredmedia":[{"embeddable":true,"href":"https:\/\/zonaroja.com.mx\/index.php?rest_route=\/wp\/v2\/media\/67764"}],"wp:attachment":[{"href":"https:\/\/zonaroja.com.mx\/index.php?rest_route=%2Fwp%2Fv2%2Fmedia&parent=86499"}],"wp:term":[{"taxonomy":"category","embeddable":true,"href":"https:\/\/zonaroja.com.mx\/index.php?rest_route=%2Fwp%2Fv2%2Fcategories&post=86499"},{"taxonomy":"post_tag","embeddable":true,"href":"https:\/\/zonaroja.com.mx\/index.php?rest_route=%2Fwp%2Fv2%2Ftags&post=86499"}],"curies":[{"name":"wp","href":"https:\/\/api.w.org\/{rel}","templated":true}]}}