{"id":86508,"date":"2025-11-03T17:48:08","date_gmt":"2025-11-03T23:48:08","guid":{"rendered":"https:\/\/zonaroja.com.mx\/?p=86508"},"modified":"2025-11-03T17:48:10","modified_gmt":"2025-11-03T23:48:10","slug":"cumple-presidenta-con-las-familias-xoxenas-y-reabre-unidad-de-salud-6","status":"publish","type":"post","link":"https:\/\/zonaroja.com.mx\/?p=86508","title":{"rendered":"Cumple presidenta con las familias xoxe\u00f1as y reabre Unidad de Salud 6"},"content":{"rendered":"\n<p>Redacci\u00f3n\/Zona Roja.<\/p>\n\n\n\n<p>Oaxaca, Oax., a 3 de noviembre de 2025.\u2013 Despu\u00e9s de cuatro a\u00f1os de permanecer cerrada, la Unidad de Salud 6 de Santa Cruz Xoxocotl\u00e1n volvi\u00f3 a abrir sus puertas para brindar atenci\u00f3n m\u00e9dica en beneficio de m\u00e1s de 100 mil habitantes, inform\u00f3 la presidenta municipal Nancy Ben\u00edtez Z\u00e1rate.&nbsp;<\/p>\n\n\n\n<p>Durante el evento de reapertura, la edil asegur\u00f3 como un hecho la donaci\u00f3n de un terreno para la construcci\u00f3n de un nuevo centro de salud, gracias al apoyo del Gobierno del Estado.<\/p>\n\n\n\n<p>La rehabilitaci\u00f3n integral de la Unidad de Salud 6 de Santa Cruz Xoxocotl\u00e1n, que incluye nuevo mobiliario, medicamentos y material m\u00e9dico, representa la respuesta a una demanda de miles de familias xoxe\u00f1as, para quienes la salud es una prioridad.<\/p>\n\n\n\n<p>Acompa\u00f1ada por el director general de los Servicios de Salud de Oaxaca, Efr\u00e9n Jarqu\u00edn Gonz\u00e1lez, y el coordinador estatal de los Servicios P\u00fablicos del IMSS Bienestar en Oaxaca, Jes\u00fas Alejandro Rodr\u00edguez Figueroa, la edil xoxe\u00f1a destac\u00f3 que este hecho \u201cera una deuda en materia de salud que la ciudadan\u00eda reclamaba y hoy se hace realidad\u201d.<\/p>\n\n\n\n<p>Esta acci\u00f3n fortalece la atenci\u00f3n m\u00e9dica de primer nivel y ampl\u00eda la cobertura de servicios, reafirmando el compromiso de esta administraci\u00f3n con el bienestar y la salud p\u00fablica.<\/p>\n\n\n\n<p>Por su parte, el director general de los Servicios de Salud de Oaxaca reconoci\u00f3 la disposici\u00f3n y coordinaci\u00f3n de las diferentes instancias estatales, municipales y sindicales para hacer realidad este anhelado proyecto que devuelve el acceso a la salud a la poblaci\u00f3n xoxe\u00f1a.<\/p>\n\n\n\n<p>Tambi\u00e9n estuvieron presentes en esta reapertura el Cabildo municipal, la coordinadora general de Jurisdicciones Sanitarias, Roc\u00edo Hern\u00e1ndez P\u00e9rez; el director de la Unidad de Salud de Xoxocotl\u00e1n, Juan Carlos Zavaleta y l\u00edderes sindicales del sector salud.<\/p>\n","protected":false},"excerpt":{"rendered":"<p>Redacci\u00f3n\/Zona Roja. Oaxaca, Oax., a 3 de noviembre de 2025.\u2013 Despu\u00e9s de cuatro a\u00f1os de&hellip;<\/p>\n","protected":false},"author":2,"featured_media":86509,"comment_status":"closed","ping_status":"open","sticky":false,"template":"","format":"standard","meta":{"_lmt_disableupdate":"","_lmt_disable":"","_jetpack_memberships_contains_paid_content":false,"footnotes":""},"categories":[109,46],"tags":[133],"class_list":["post-86508","post","type-post","status-publish","format-standard","has-post-thumbnail","hentry","category-minuto-a-minuto","category-zona-blanca","tag-santa-cruz-xoxocotlan"],"jetpack_featured_media_url":"https:\/\/zonaroja.com.mx\/wp-content\/uploads\/2025\/11\/Nancy-Benitez-cumple-con-las-familias-xoxenas-y-reabre-Unidad-de-Salud-6-3.jpeg","jetpack_sharing_enabled":true,"_links":{"self":[{"href":"https:\/\/zonaroja.com.mx\/index.php?rest_route=\/wp\/v2\/posts\/86508","targetHints":{"allow":["GET"]}}],"collection":[{"href":"https:\/\/zonaroja.com.mx\/index.php?rest_route=\/wp\/v2\/posts"}],"about":[{"href":"https:\/\/zonaroja.com.mx\/index.php?rest_route=\/wp\/v2\/types\/post"}],"author":[{"embeddable":true,"href":"https:\/\/zonaroja.com.mx\/index.php?rest_route=\/wp\/v2\/users\/2"}],"replies":[{"embeddable":true,"href":"https:\/\/zonaroja.com.mx\/index.php?rest_route=%2Fwp%2Fv2%2Fcomments&post=86508"}],"version-history":[{"count":1,"href":"https:\/\/zonaroja.com.mx\/index.php?rest_route=\/wp\/v2\/posts\/86508\/revisions"}],"predecessor-version":[{"id":86510,"href":"https:\/\/zonaroja.com.mx\/index.php?rest_route=\/wp\/v2\/posts\/86508\/revisions\/86510"}],"wp:featuredmedia":[{"embeddable":true,"href":"https:\/\/zonaroja.com.mx\/index.php?rest_route=\/wp\/v2\/media\/86509"}],"wp:attachment":[{"href":"https:\/\/zonaroja.com.mx\/index.php?rest_route=%2Fwp%2Fv2%2Fmedia&parent=86508"}],"wp:term":[{"taxonomy":"category","embeddable":true,"href":"https:\/\/zonaroja.com.mx\/index.php?rest_route=%2Fwp%2Fv2%2Fcategories&post=86508"},{"taxonomy":"post_tag","embeddable":true,"href":"https:\/\/zonaroja.com.mx\/index.php?rest_route=%2Fwp%2Fv2%2Ftags&post=86508"}],"curies":[{"name":"wp","href":"https:\/\/api.w.org\/{rel}","templated":true}]}}