{"id":86511,"date":"2025-11-03T20:34:39","date_gmt":"2025-11-04T02:34:39","guid":{"rendered":"https:\/\/zonaroja.com.mx\/?p=86511"},"modified":"2025-11-03T20:34:42","modified_gmt":"2025-11-04T02:34:42","slug":"otra-vez-sinaloa-13-agresores-muertos-4-detenidos-y-9-personas-liberadas","status":"publish","type":"post","link":"https:\/\/zonaroja.com.mx\/?p=86511","title":{"rendered":"Otra vez Sinaloa: 13 agresores muertos, 4 detenidos y 9 personas liberadas"},"content":{"rendered":"\n<p>Redacci\u00f3n\/Zona Roja Cdmx.<\/p>\n\n\n\n<p>(Informaci\u00f3n de \u201cEl Financiero\u201d)<\/p>\n\n\n\n<p>Ciudad de M\u00e9xico, a 3 de noviembre de 2025.- Elementos de seguridad detuvieron este lunes 3 de noviembre a cuatro personas y 13 perdieron la vida, durante un enfrentamiento en Guasave, Sinaloa, inform\u00f3 el secretario de Seguridad, Omar Garc\u00eda Harfuch.<\/p>\n\n\n\n<p>\u201cSiendo aprox. 12:45 hrs, en patrullajes en La Brecha, Guasave, Sinaloa, personal operativo del Gabinete de Seguridad fue agredido por un grupo armado oculto bajo un puente.\u201c, public\u00f3 Harfuch en X.<\/p>\n\n\n\n<p>Durante el operativo se liber\u00f3 a nueve personas secuestradas, adem\u00e1s se decomisaron siete veh\u00edculos, armas largas y equipo t\u00e1ctico.<\/p>\n\n\n\n<p>Las autoridades ubican al municipio de Guasave como el centro de operaci\u00f3n de \u2018El Chapo Isidro\u2019.<\/p>\n\n\n\n<p>De acuerdo con investigaciones federales, la c\u00e9lula delictiva \u201cLos Mazatlecos\u201d a cargo de Fausto Isidro Meza Flores, alias \u2018Chapo\u2019 Isidro sembr\u00f3 el terror entre la poblaci\u00f3n en la zona norte del estado cuando se inici\u00f3 una disputa por el territorio con el C\u00e1rtel de Sinaloa.<\/p>\n\n\n\n<p>El grupo criminal adem\u00e1s sosten\u00eda una guerra con la Polic\u00eda Ministerial del Estado, en ese entonces dirigida por Jes\u00fas Antonio Aguilar I\u00f1iguez.<\/p>\n\n\n\n<p>En 2011 ocurrieron dos enfrentamientos mortales con agentes policiales, en los cuales asesinaron a 18 elementos.<\/p>\n\n\n\n<p>Desde 2012, en Estados Unidos, el Tribunal Federal de Primera Instancia del Distrito de Columbia encaus\u00f3 inicialmente a Meza Flores.<\/p>\n\n\n\n<p>El 26 de noviembre de 2019, el Tribunal Federal de Primera Instancia del Distrito de Columbia present\u00f3 una segunda acusaci\u00f3n formal federal y expidi\u00f3 una orden judicial federal para arrestar a Meza Flores luego de que le imputaran varios cargos por cometer delitos de narcotr\u00e1fico, y por utilizar y poseer un arma de fuego.<\/p>\n","protected":false},"excerpt":{"rendered":"<p>Redacci\u00f3n\/Zona Roja Cdmx. (Informaci\u00f3n de \u201cEl Financiero\u201d) Ciudad de M\u00e9xico, a 3 de noviembre de&hellip;<\/p>\n","protected":false},"author":2,"featured_media":75692,"comment_status":"closed","ping_status":"open","sticky":false,"template":"","format":"standard","meta":{"_lmt_disableupdate":"","_lmt_disable":"","_jetpack_memberships_contains_paid_content":false,"footnotes":""},"categories":[109,51],"tags":[4146],"class_list":["post-86511","post","type-post","status-publish","format-standard","has-post-thumbnail","hentry","category-minuto-a-minuto","category-zona-roja","tag-violencia-en-sinaloa"],"jetpack_featured_media_url":"https:\/\/zonaroja.com.mx\/wp-content\/uploads\/2024\/12\/policia-estatal-sinaloa-violencia.jpg.webp","jetpack_sharing_enabled":true,"_links":{"self":[{"href":"https:\/\/zonaroja.com.mx\/index.php?rest_route=\/wp\/v2\/posts\/86511","targetHints":{"allow":["GET"]}}],"collection":[{"href":"https:\/\/zonaroja.com.mx\/index.php?rest_route=\/wp\/v2\/posts"}],"about":[{"href":"https:\/\/zonaroja.com.mx\/index.php?rest_route=\/wp\/v2\/types\/post"}],"author":[{"embeddable":true,"href":"https:\/\/zonaroja.com.mx\/index.php?rest_route=\/wp\/v2\/users\/2"}],"replies":[{"embeddable":true,"href":"https:\/\/zonaroja.com.mx\/index.php?rest_route=%2Fwp%2Fv2%2Fcomments&post=86511"}],"version-history":[{"count":1,"href":"https:\/\/zonaroja.com.mx\/index.php?rest_route=\/wp\/v2\/posts\/86511\/revisions"}],"predecessor-version":[{"id":86512,"href":"https:\/\/zonaroja.com.mx\/index.php?rest_route=\/wp\/v2\/posts\/86511\/revisions\/86512"}],"wp:featuredmedia":[{"embeddable":true,"href":"https:\/\/zonaroja.com.mx\/index.php?rest_route=\/wp\/v2\/media\/75692"}],"wp:attachment":[{"href":"https:\/\/zonaroja.com.mx\/index.php?rest_route=%2Fwp%2Fv2%2Fmedia&parent=86511"}],"wp:term":[{"taxonomy":"category","embeddable":true,"href":"https:\/\/zonaroja.com.mx\/index.php?rest_route=%2Fwp%2Fv2%2Fcategories&post=86511"},{"taxonomy":"post_tag","embeddable":true,"href":"https:\/\/zonaroja.com.mx\/index.php?rest_route=%2Fwp%2Fv2%2Ftags&post=86511"}],"curies":[{"name":"wp","href":"https:\/\/api.w.org\/{rel}","templated":true}]}}