{"id":86518,"date":"2025-11-04T10:15:00","date_gmt":"2025-11-04T16:15:00","guid":{"rendered":"https:\/\/zonaroja.com.mx\/?p=86518"},"modified":"2025-11-04T07:07:08","modified_gmt":"2025-11-04T13:07:08","slug":"crece-indignacion-en-michoacan-por-crimen-de-edil-incendian-palacio","status":"publish","type":"post","link":"https:\/\/zonaroja.com.mx\/?p=86518","title":{"rendered":"Crece indignaci\u00f3n en Michoac\u00e1n por crimen de edil; incendian Palacio"},"content":{"rendered":"\n<p>Redacci\u00f3n\/Zona Roja Cdmx.<\/p>\n\n\n\n<p>(Con informaci\u00f3n de L\u00f3pez-D\u00f3riga Digital)<\/p>\n\n\n\n<p>Ciudad de M\u00e9xico, a 4 de noviembre de 2025.- Una manifestaci\u00f3n que exig\u00eda justicia por el asesinato del alcalde de Uruapan, Carlos Manzo, termin\u00f3 en violencia en Morelia, Michoac\u00e1n, la tarde-noche de este lunes 3 de noviembre de 2025.<\/p>\n\n\n\n<p>Un grupo de personas que protestaba por el asesinato del alcalde y del l\u00edder limonero, Bernardo Bravo, incendiaron el Palacio de Gobierno de Apatzing\u00e1n, sin que se registraran v\u00edctimas.<\/p>\n\n\n\n<p>La protesta se realizaba en el Centro Hist\u00f3rico de la capital michoacana, cuando encapuchados se enfrentaron con polic\u00edas de la entidad, quienes intentaron dispersar a los manifestantes lanzando gases lacrim\u00f3genos.<\/p>\n\n\n\n<p>Hubo tambi\u00e9n manifestaciones en Uruapan y en P\u00e1tzcuaro, donde la indignaci\u00f3n crece ante el crimen y la impunidad que prevalece. La v\u00edspera, domingo, hubo tambi\u00e9n protestas violentas con incursi\u00f3n en el Palacio de Gobierno, en que polic\u00edas estatales utilizaron cartuchos de gas lacrim\u00f3geno y efectuaron detenciones.<\/p>\n\n\n\n<p>LA ADVERTENCIA<\/p>\n\n\n\n<p>Carlos Garfias Merlos, arzobispo de Morelia, Michoac\u00e1n, se\u00f1al\u00f3 que el asesinato de Carlos Manzo, alcalde de Uruapan, puede ocasionar un movimiento de violencia y agresividad en la entidad<\/p>\n\n\n\n<p>En entrevista con Joaqu\u00edn L\u00f3pez-D\u00f3riga para su espacio en Radio F\u00f3rmula, Garfias Merlos detall\u00f3 que el pueblo de Michoac\u00e1n est\u00e1 molesto, en particular los j\u00f3venes, por lo ocurrido la noche del s\u00e1bado 1 de noviembre de 2025.<\/p>\n\n\n\n<p>\u201cDesgraciadamente es otro asesinato que se une al homicidio de hace 15 d\u00edas del limonero Bernardo Bravo, y tristemente es una realidad que tenemos aqu\u00ed en Michoac\u00e1n, con la muerte de estas personalidades que hacen tanto impacto m\u00e1s en la l\u00ednea de la violencia, agresividad y de la exigencia de justicia de la ciudadan\u00eda\u201d, afirm\u00f3.<\/p>\n\n\n\n<p>CRIMINAL IDENTIFICADO<\/p>\n\n\n\n<p>El asesino de Carlos Manzo, alcalde de Uruapan, fue identificado como Osvaldo Guti\u00e9rrez V\u00e1zquez, alias \u2018El Cuate\u2018, seg\u00fan inform\u00f3 este lunes el peri\u00f3dico \u201cEl Universal\u201d, citando fuentes federales.<\/p>\n\n\n\n<p>De acuerdo con el reporte, el sujeto ser\u00eda familiar de un hombre apodado \u201cEl Pr\u00e1ngana\u201c, presunto operador de los hermanos \u00c1lvarez Ayala, quienes trabajar\u00edan para el C\u00e1rtel Jalisco Nueva Generaci\u00f3n.<\/p>\n\n\n\n<p>Carlos Manzo Rodr\u00edguez, alcalde de Uruapan, fue asesinado a balazos la noche del 1 de noviembre de 2025 durante el Festival de las Velas, evento conmemorativo por el D\u00eda de Muertos en el citado municipio de Michoac\u00e1n.<\/p>\n\n\n\n<p>Manzo Rodr\u00edguez fue atacado alrededor de las 20:00 hora local en la plaza principal de Uruapan, donde conviv\u00eda con cientos de ciudadanos, entre los que se encontraban varios ni\u00f1os.<\/p>\n","protected":false},"excerpt":{"rendered":"<p>Redacci\u00f3n\/Zona Roja Cdmx. (Con informaci\u00f3n de L\u00f3pez-D\u00f3riga Digital) Ciudad de M\u00e9xico, a 4 de noviembre&hellip;<\/p>\n","protected":false},"author":2,"featured_media":86522,"comment_status":"closed","ping_status":"open","sticky":false,"template":"","format":"standard","meta":{"_lmt_disableupdate":"","_lmt_disable":"","_jetpack_memberships_contains_paid_content":false,"footnotes":""},"categories":[109,47],"tags":[4507,4511],"class_list":["post-86518","post","type-post","status-publish","format-standard","has-post-thumbnail","hentry","category-minuto-a-minuto","category-zona-gris","tag-carlos-manzo-rodriguez","tag-violencia-en-michoacan"],"jetpack_featured_media_url":"https:\/\/zonaroja.com.mx\/wp-content\/uploads\/2025\/11\/Incendio-Palacio-de-Michoacan.jpg","jetpack_sharing_enabled":true,"_links":{"self":[{"href":"https:\/\/zonaroja.com.mx\/index.php?rest_route=\/wp\/v2\/posts\/86518","targetHints":{"allow":["GET"]}}],"collection":[{"href":"https:\/\/zonaroja.com.mx\/index.php?rest_route=\/wp\/v2\/posts"}],"about":[{"href":"https:\/\/zonaroja.com.mx\/index.php?rest_route=\/wp\/v2\/types\/post"}],"author":[{"embeddable":true,"href":"https:\/\/zonaroja.com.mx\/index.php?rest_route=\/wp\/v2\/users\/2"}],"replies":[{"embeddable":true,"href":"https:\/\/zonaroja.com.mx\/index.php?rest_route=%2Fwp%2Fv2%2Fcomments&post=86518"}],"version-history":[{"count":1,"href":"https:\/\/zonaroja.com.mx\/index.php?rest_route=\/wp\/v2\/posts\/86518\/revisions"}],"predecessor-version":[{"id":86523,"href":"https:\/\/zonaroja.com.mx\/index.php?rest_route=\/wp\/v2\/posts\/86518\/revisions\/86523"}],"wp:featuredmedia":[{"embeddable":true,"href":"https:\/\/zonaroja.com.mx\/index.php?rest_route=\/wp\/v2\/media\/86522"}],"wp:attachment":[{"href":"https:\/\/zonaroja.com.mx\/index.php?rest_route=%2Fwp%2Fv2%2Fmedia&parent=86518"}],"wp:term":[{"taxonomy":"category","embeddable":true,"href":"https:\/\/zonaroja.com.mx\/index.php?rest_route=%2Fwp%2Fv2%2Fcategories&post=86518"},{"taxonomy":"post_tag","embeddable":true,"href":"https:\/\/zonaroja.com.mx\/index.php?rest_route=%2Fwp%2Fv2%2Ftags&post=86518"}],"curies":[{"name":"wp","href":"https:\/\/api.w.org\/{rel}","templated":true}]}}