{"id":86524,"date":"2025-11-04T09:15:00","date_gmt":"2025-11-04T15:15:00","guid":{"rendered":"https:\/\/zonaroja.com.mx\/?p=86524"},"modified":"2025-11-04T07:27:55","modified_gmt":"2025-11-04T13:27:55","slug":"realizan-restauracion-y-conservacion-de-227-inmuebles-culturales-de-oaxaca","status":"publish","type":"post","link":"https:\/\/zonaroja.com.mx\/?p=86524","title":{"rendered":"Realizan restauraci\u00f3n y conservaci\u00f3n de 227 inmuebles culturales de Oaxaca"},"content":{"rendered":"\n<p>Redacci\u00f3n\/Zona Roja.&nbsp;<\/p>\n\n\n\n<p>Oaxaca, Oax., a 4 de noviembre de 2025.- De 2023 a 2025 ha restaurado y conservado 227 inmuebles culturales y patrimoniales a trav\u00e9s de una inversi\u00f3n de 799 millones 682 mil 468 pesos, inform\u00f3 el Gobierno del Estado de Oaxaca.<\/p>\n\n\n\n<p>Durante la reapertura del Museo de Arte Prehisp\u00e1nico \u201cRufino Tamayo\u201d, el gobernador Salom\u00f3n Jara Cruz expuso que, desde hace m\u00e1s de 50 a\u00f1os, este recinto no se hab\u00eda intervenido, lo cual demuestra la irresponsabilidad de administraciones anteriores.<\/p>\n\n\n\n<p>\u201cCuando llegamos, este museo estaba abandonado, intervenimos en \u00e9l y cuidamos de este patrimonio cultural, pero sobre todo del legado que Rufino Tamayo dej\u00f3 a Oaxaca, M\u00e9xico y el mundo; por eso decimos que estamos haciendo lo que nunca antes se hab\u00eda hecho\u201d, destac\u00f3 en la conferencia de prensa de ayer.<\/p>\n\n\n\n<p>As\u00ed como este espacio, se han rescatado edificios hist\u00f3ricos, religiosos, civiles y culturales en las regiones: Sierra de Ju\u00e1rez, Istmo de Tehuantepec, Sierra Sur, Valles Centrales, Costa, Mixteca y Sierra de Flores Mag\u00f3n; que fortalece la identidad de las comunidades y mantiene viva su historia.<\/p>\n\n\n\n<p>En 2023, se atendieron 195 espacios, de los cuales, 193 se ejecutaron a trav\u00e9s del Programa Nacional de Reconstrucci\u00f3n (PNR) con una inversi\u00f3n de m\u00e1s de 590 millones de pesos, entre los que destacan las reconstrucciones: del Pante\u00f3n General San Miguel, as\u00ed como el templo y convento de la Merced en la capital del estado.<\/p>\n\n\n\n<p>Adem\u00e1s del ala norte del Palacio Municipal de la Heroica Ciudad de Juchit\u00e1n de Zaragoza, y los templos de: San Miguel Arc\u00e1ngel, en la regi\u00f3n Istmo de Tehuantepec; San Pedro M\u00e1rtir, en la Sierra Sur; y la Se\u00f1ora de la Merced, en la Costa.<\/p>\n\n\n\n<p>Mientras que, en 2024 se consolidaron proyectos de gran relevancia: la reconstrucci\u00f3n de cuatro monumentos religiosos, tres palacios municipales, la continuidad del programa Oaxaca Camina y la intervenci\u00f3n de la Plaza de la Constituci\u00f3n y el Paseo Ju\u00e1rez El Llano, ambos en la capital de Oaxaca.<\/p>\n\n\n\n<p>Este a\u00f1o se ejecutan 22 acciones con un presupuesto de 117 millones 485 mil 952 pesos distribuidos en: nueve espacios culturales, nueve proyectos del PNR en convenio con el Instituto Nacional de Antropolog\u00eda e Historia (INAH), tres proyectos estrat\u00e9gicos y la atenci\u00f3n a un municipio.<\/p>\n\n\n\n<p>La directora general del Instituto del Patrimonio Cultural del Estado de Oaxaca, Sildia Mecott G\u00f3mez explic\u00f3 que, el Museo de Arte Prehisp\u00e1nico de M\u00e9xico \u201cRufino Tamayo\u201d, emblem\u00e1tico por su arquitectura virreinal del siglo XVIII, reabre sus puertas tras una intervenci\u00f3n de seis millones 136 mil pesos que const\u00f3 de: trabajos de restauraci\u00f3n en la fachada principal, impermeabilizaci\u00f3n, mantenimiento integral de instalaciones el\u00e9ctricas.<\/p>\n\n\n\n<p>Asimismo, carpinter\u00eda, pintura, restauraci\u00f3n del patio central, bodegas, pisos, sistemas contra incendios y ductos para extracci\u00f3n de aire.<\/p>\n","protected":false},"excerpt":{"rendered":"<p>Redacci\u00f3n\/Zona Roja.&nbsp; Oaxaca, Oax., a 4 de noviembre de 2025.- De 2023 a 2025 ha&hellip;<\/p>\n","protected":false},"author":2,"featured_media":86519,"comment_status":"closed","ping_status":"open","sticky":false,"template":"","format":"standard","meta":{"_lmt_disableupdate":"","_lmt_disable":"","_jetpack_memberships_contains_paid_content":false,"footnotes":""},"categories":[109,46],"tags":[939],"class_list":["post-86524","post","type-post","status-publish","format-standard","has-post-thumbnail","hentry","category-minuto-a-minuto","category-zona-blanca","tag-salomon-jara-cruz"],"jetpack_featured_media_url":"https:\/\/zonaroja.com.mx\/wp-content\/uploads\/2025\/11\/Conferencia-de-prensa-del-gobernador-Salomon-Jara.jpg","jetpack_sharing_enabled":true,"_links":{"self":[{"href":"https:\/\/zonaroja.com.mx\/index.php?rest_route=\/wp\/v2\/posts\/86524","targetHints":{"allow":["GET"]}}],"collection":[{"href":"https:\/\/zonaroja.com.mx\/index.php?rest_route=\/wp\/v2\/posts"}],"about":[{"href":"https:\/\/zonaroja.com.mx\/index.php?rest_route=\/wp\/v2\/types\/post"}],"author":[{"embeddable":true,"href":"https:\/\/zonaroja.com.mx\/index.php?rest_route=\/wp\/v2\/users\/2"}],"replies":[{"embeddable":true,"href":"https:\/\/zonaroja.com.mx\/index.php?rest_route=%2Fwp%2Fv2%2Fcomments&post=86524"}],"version-history":[{"count":1,"href":"https:\/\/zonaroja.com.mx\/index.php?rest_route=\/wp\/v2\/posts\/86524\/revisions"}],"predecessor-version":[{"id":86525,"href":"https:\/\/zonaroja.com.mx\/index.php?rest_route=\/wp\/v2\/posts\/86524\/revisions\/86525"}],"wp:featuredmedia":[{"embeddable":true,"href":"https:\/\/zonaroja.com.mx\/index.php?rest_route=\/wp\/v2\/media\/86519"}],"wp:attachment":[{"href":"https:\/\/zonaroja.com.mx\/index.php?rest_route=%2Fwp%2Fv2%2Fmedia&parent=86524"}],"wp:term":[{"taxonomy":"category","embeddable":true,"href":"https:\/\/zonaroja.com.mx\/index.php?rest_route=%2Fwp%2Fv2%2Fcategories&post=86524"},{"taxonomy":"post_tag","embeddable":true,"href":"https:\/\/zonaroja.com.mx\/index.php?rest_route=%2Fwp%2Fv2%2Ftags&post=86524"}],"curies":[{"name":"wp","href":"https:\/\/api.w.org\/{rel}","templated":true}]}}