{"id":86526,"date":"2025-11-04T11:28:00","date_gmt":"2025-11-04T17:28:00","guid":{"rendered":"https:\/\/zonaroja.com.mx\/?p=86526"},"modified":"2025-11-04T08:00:28","modified_gmt":"2025-11-04T14:00:28","slug":"acata-el-ieepco-orden-del-tribunal-inicia-recoleccion-de-firmas-para-revocacion","status":"publish","type":"post","link":"https:\/\/zonaroja.com.mx\/?p=86526","title":{"rendered":"Acata el IEEPCO orden del Tribunal; inicia recolecci\u00f3n de firmas para Revocaci\u00f3n\u00a0"},"content":{"rendered":"\n<p>Lisbeth Mej\u00eda Reyes\/Zona Roja.<\/p>\n\n\n\n<p>Oaxaca, Oax., a 4 de noviembre de 2025.- De \u00faltima hora, el Instituto Estatal Electoral y de Participaci\u00f3n Ciudadana del Estado de Oaxaca (IEEPCO) acat\u00f3 la orden del Tribunal Electoral del Estado de Oaxaca (TEEO) para eliminar el requisito de presentar la copia de la credencial para votar durante la recolecci\u00f3n de firmas para el proceso de solicitud de Revocaci\u00f3n de Mandato.<\/p>\n\n\n\n<p>Seg\u00fan el calendario avalado por el IEEPCO, en este proceso ya se concluy\u00f3 con la etapa de solicitud de registro de promoventes (del 11 al 31 de octubre). Y a partir de este 1 de noviembre comenz\u00f3 el periodo para la recolecci\u00f3n de firmas, vigente hasta el 30 de noviembre.&nbsp;<\/p>\n\n\n\n<p>Posteriormente, del 1 al 31 de diciembre se podr\u00e1n hacer las solicitudes de revocaci\u00f3n de mandato, o en su caso ratificaci\u00f3n de mandato, del gobernador Salom\u00f3n Jara Cruz.<\/p>\n\n\n\n<p>De acuerdo con el Instituto, el proceso est\u00e1 basado en la legislaci\u00f3n estatal y \u00abes el mecanismo solicitado por la ciudadan\u00eda oaxaque\u00f1a, para determinar la conclusi\u00f3n anticipada en el desempe\u00f1o del cargo de la persona titular de la Gubernatura del Estado, a partir de la p\u00e9rdida de la confianza\u00bb.&nbsp;<\/p>\n\n\n\n<p>Es decir, para decidir si contin\u00faa o termina antes de tiempo el periodo del gobernador, en este caso de Salom\u00f3n Jara Cruz.<\/p>\n\n\n\n<p>LAS PROHIBICIONES<\/p>\n\n\n\n<p>En conferencia de prensa realizada este lunes, el consejero Jur\u00eddico del gobierno estatal, Geovany V\u00e1squez Sagrero, explic\u00f3 que el proceso es meramente ciudadano, por lo que no pueden ni deben intervenir partidos pol\u00edticos, tampoco representantes populares o servidores p\u00fablicos (ya sea por designaci\u00f3n o elecci\u00f3n popular).<\/p>\n\n\n\n<p>Como parte de este proceso, el gobierno estatal y el IEEPCO tambi\u00e9n han informado que para que se deber\u00e1 recabar el 10 por ciento de las firmas del listado nominal en 286 municipios.<\/p>\n\n\n\n<p>Lo anterior para sustentar la solicitud formal de revocaci\u00f3n que deber\u00e1 presentarse en diciembre; \u00aby en los siguientes 10 d\u00edas, las autoridades electorales revisar\u00e1n su validez para despu\u00e9s emitir la convocatoria\u00bb, seg\u00fan detalla el gobierno estatal en uno de los boletines del 12 de octubre.<\/p>\n\n\n\n<p>LA AMONESTACI\u00d3N<\/p>\n\n\n\n<p>El pasado 31 de octubre el Tribunal Electoral de Oaxaca, determin\u00f3 que pedir copia de la credencial de elector es \u00abuna carga adicional que puede obstaculizar el ejercicio del derecho de participaci\u00f3n ciudadana\u00bb.&nbsp;<\/p>\n\n\n\n<p>Adem\u00e1s de que no est\u00e1 previsto en la legislaci\u00f3n federal ni en la Ley Estatal de Revocaci\u00f3n de Mandato.<\/p>\n\n\n\n<p>Por eso le orden\u00f3 al IEEPCO la eliminaci\u00f3n de los art\u00edculos 25, 26 y 27 de los lineamientos. Es decir, aquellos en los que se ped\u00eda copia de la credencial de elector.<\/p>\n\n\n\n<p>Un d\u00eda despu\u00e9s de la resoluci\u00f3n del TEEO del Recurso de Apelaci\u00f3n identificado con la clave: RA\/23\/2025 y acumulados, el IEEPCO emiti\u00f3 un comunicado dirigido a la ciudadan\u00eda oaxaque\u00f1a, en el que informa que quedaron sin efecto los art\u00edculos 25, 26 inciso \u00abd\u00bb y el 27 inciso \u00abe\u00bb. Es decir, que ya no se pedir\u00e1 la copia de la credencial.<\/p>\n","protected":false},"excerpt":{"rendered":"<p>Lisbeth Mej\u00eda Reyes\/Zona Roja. Oaxaca, Oax., a 4 de noviembre de 2025.- De \u00faltima hora,&hellip;<\/p>\n","protected":false},"author":2,"featured_media":86527,"comment_status":"closed","ping_status":"open","sticky":false,"template":"","format":"standard","meta":{"_lmt_disableupdate":"","_lmt_disable":"","_jetpack_memberships_contains_paid_content":false,"footnotes":""},"categories":[109,46],"tags":[4512],"class_list":["post-86526","post","type-post","status-publish","format-standard","has-post-thumbnail","hentry","category-minuto-a-minuto","category-zona-blanca","tag-revocacion-de-mandato-oaxaca"],"jetpack_featured_media_url":"https:\/\/zonaroja.com.mx\/wp-content\/uploads\/2025\/11\/Revocacion-de-mandato.jpg","jetpack_sharing_enabled":true,"_links":{"self":[{"href":"https:\/\/zonaroja.com.mx\/index.php?rest_route=\/wp\/v2\/posts\/86526","targetHints":{"allow":["GET"]}}],"collection":[{"href":"https:\/\/zonaroja.com.mx\/index.php?rest_route=\/wp\/v2\/posts"}],"about":[{"href":"https:\/\/zonaroja.com.mx\/index.php?rest_route=\/wp\/v2\/types\/post"}],"author":[{"embeddable":true,"href":"https:\/\/zonaroja.com.mx\/index.php?rest_route=\/wp\/v2\/users\/2"}],"replies":[{"embeddable":true,"href":"https:\/\/zonaroja.com.mx\/index.php?rest_route=%2Fwp%2Fv2%2Fcomments&post=86526"}],"version-history":[{"count":1,"href":"https:\/\/zonaroja.com.mx\/index.php?rest_route=\/wp\/v2\/posts\/86526\/revisions"}],"predecessor-version":[{"id":86528,"href":"https:\/\/zonaroja.com.mx\/index.php?rest_route=\/wp\/v2\/posts\/86526\/revisions\/86528"}],"wp:featuredmedia":[{"embeddable":true,"href":"https:\/\/zonaroja.com.mx\/index.php?rest_route=\/wp\/v2\/media\/86527"}],"wp:attachment":[{"href":"https:\/\/zonaroja.com.mx\/index.php?rest_route=%2Fwp%2Fv2%2Fmedia&parent=86526"}],"wp:term":[{"taxonomy":"category","embeddable":true,"href":"https:\/\/zonaroja.com.mx\/index.php?rest_route=%2Fwp%2Fv2%2Fcategories&post=86526"},{"taxonomy":"post_tag","embeddable":true,"href":"https:\/\/zonaroja.com.mx\/index.php?rest_route=%2Fwp%2Fv2%2Ftags&post=86526"}],"curies":[{"name":"wp","href":"https:\/\/api.w.org\/{rel}","templated":true}]}}