{"id":8653,"date":"2020-02-11T16:07:06","date_gmt":"2020-02-11T22:07:06","guid":{"rendered":"http:\/\/www.zonaroja.com.mx\/?p=8653"},"modified":"2020-02-11T16:17:08","modified_gmt":"2020-02-11T22:17:08","slug":"capulalpam-hace-historia-e-impide-continuidad-de-proyecto-minero","status":"publish","type":"post","link":"https:\/\/zonaroja.com.mx\/?p=8653","title":{"rendered":"Capul\u00e1lpam hace historia e impide continuidad de proyecto minero"},"content":{"rendered":"\n<p>Evlin Arag\u00f3n\/Zona Roja.<\/p>\n\n\n\n<p>Oaxaca de Ju\u00e1rez, Oax., 11 de febrero\nde 2020.- Autoridades comunales de Capul\u00e1lpam de M\u00e9ndez dieron a conocer y\ncelebraron la resoluci\u00f3n del Juzgado Tercero de Distrito en el Estado de Oaxaca,\nque cancela las concesiones mineras que fueron otorgadas a empresas\ninternacionales al interior de su territorio, ello sin consulta previa de la\npoblaci\u00f3n como lo prev\u00e9 el Convenio 169 de la Organizaci\u00f3n Internacional del\nTrabajo (OIT).<\/p>\n\n\n\n<p>La sentencia reconoce que la comunidad\nfue fundada antes que el Estado Mexicano, por lo que cancel\u00f3 las concesiones\nque fueron otorgadas por la Secretar\u00eda de Econom\u00eda a la minera canadiense\nContinuum Resources LTD, a la compa\u00f1\u00eda minera La Natividad y Anexas y otros\nparticulares, pata la exploraci\u00f3n y explotaci\u00f3n de oro, plata y otros\nminerales.<\/p>\n\n\n\n<p>El largo litigio que dur\u00f3 casi cinco\na\u00f1os, obtuvo como respuesta el reconocimiento de la ancestralidad ind\u00edgena de\nla comunidad y por tanto su propiedad y posesi\u00f3n de tierras comunales que\nocupan desde la \u00e9poca prehisp\u00e1nica, hecho que fue calificado como justicia para\nlos pueblos y comunidades ind\u00edgenas. <\/p>\n\n\n\n<p>\u201cLa sentencia hace justicia a las\ncomunidades y pueblos ind\u00edgenas de Oaxaca quienes hist\u00f3ricamente han padecido\ndiscriminaci\u00f3n&nbsp; y racismo en la\nimpartici\u00f3n de justicia\u201d, explicaron en conferencia de prensa en la capital del\nestado.<\/p>\n\n\n\n<p>Con la resoluci\u00f3n anterior, el Estado mexicano\nprotege la ancestralidad ind\u00edgena de la localidad vulnerada al no respetar los\nacuerdos sobre pueblos ind\u00edgenas y tribales en pa\u00edses independientes de la OIT,\ny reconoce su derecho a tener una vida digna y a permanecer como comunidad\nind\u00edgena libre del extractivismo de minerales por encima de los intereses de\nparticulares.<\/p>\n\n\n\n<p>\u201cHoy y como desde hace muchos a\u00f1os\ndecimos s\u00ed a la vida no a la miner\u00eda\u201d, explicaron en la conferencia de prensa\nque realizaron este martes para difundir y celebrar la resoluci\u00f3n.&nbsp; <\/p>\n\n\n\n<p>Fue en febrero del 2015, que la\ncomunidad ind\u00edgena de Capul\u00e1lpam de M\u00e9ndez interpuso una demanda de Amparo para\nsolicitar la protecci\u00f3n de la justicia federal ante la autorizaci\u00f3n -sin su\nconsentimiento- de concesiones mineras ubicadas en su territorio comunal y con\nello la suspensi\u00f3n de las mismas.<\/p>\n","protected":false},"excerpt":{"rendered":"<p>Evlin Arag\u00f3n\/Zona Roja. Oaxaca de Ju\u00e1rez, Oax., 11 de febrero de 2020.- Autoridades comunales de&hellip;<\/p>\n","protected":false},"author":2,"featured_media":8655,"comment_status":"closed","ping_status":"open","sticky":false,"template":"","format":"standard","meta":{"_lmt_disableupdate":"","_lmt_disable":"","_jetpack_memberships_contains_paid_content":false,"footnotes":""},"categories":[109,52],"tags":[1358],"class_list":["post-8653","post","type-post","status-publish","format-standard","has-post-thumbnail","hentry","category-minuto-a-minuto","category-zona-verde","tag-capulalpam-de-mendez"],"jetpack_featured_media_url":"https:\/\/zonaroja.com.mx\/wp-content\/uploads\/2020\/02\/6422aea0-b684-486a-8e0b-06ed5f5cbf39.jpg","jetpack_sharing_enabled":true,"_links":{"self":[{"href":"https:\/\/zonaroja.com.mx\/index.php?rest_route=\/wp\/v2\/posts\/8653","targetHints":{"allow":["GET"]}}],"collection":[{"href":"https:\/\/zonaroja.com.mx\/index.php?rest_route=\/wp\/v2\/posts"}],"about":[{"href":"https:\/\/zonaroja.com.mx\/index.php?rest_route=\/wp\/v2\/types\/post"}],"author":[{"embeddable":true,"href":"https:\/\/zonaroja.com.mx\/index.php?rest_route=\/wp\/v2\/users\/2"}],"replies":[{"embeddable":true,"href":"https:\/\/zonaroja.com.mx\/index.php?rest_route=%2Fwp%2Fv2%2Fcomments&post=8653"}],"version-history":[{"count":1,"href":"https:\/\/zonaroja.com.mx\/index.php?rest_route=\/wp\/v2\/posts\/8653\/revisions"}],"predecessor-version":[{"id":8654,"href":"https:\/\/zonaroja.com.mx\/index.php?rest_route=\/wp\/v2\/posts\/8653\/revisions\/8654"}],"wp:featuredmedia":[{"embeddable":true,"href":"https:\/\/zonaroja.com.mx\/index.php?rest_route=\/wp\/v2\/media\/8655"}],"wp:attachment":[{"href":"https:\/\/zonaroja.com.mx\/index.php?rest_route=%2Fwp%2Fv2%2Fmedia&parent=8653"}],"wp:term":[{"taxonomy":"category","embeddable":true,"href":"https:\/\/zonaroja.com.mx\/index.php?rest_route=%2Fwp%2Fv2%2Fcategories&post=8653"},{"taxonomy":"post_tag","embeddable":true,"href":"https:\/\/zonaroja.com.mx\/index.php?rest_route=%2Fwp%2Fv2%2Ftags&post=8653"}],"curies":[{"name":"wp","href":"https:\/\/api.w.org\/{rel}","templated":true}]}}