{"id":86533,"date":"2025-11-04T13:09:00","date_gmt":"2025-11-04T19:09:00","guid":{"rendered":"https:\/\/zonaroja.com.mx\/?p=86533"},"modified":"2025-11-04T08:11:39","modified_gmt":"2025-11-04T14:11:39","slug":"conmemorara-mult-un-ano-de-asesinatos-de-adriana-y-virginia-ortiz-garcia","status":"publish","type":"post","link":"https:\/\/zonaroja.com.mx\/?p=86533","title":{"rendered":"Conmemorar\u00e1 MULT un a\u00f1o de asesinatos de Adriana y Virginia Ortiz Garc\u00eda\u00a0"},"content":{"rendered":"\n<p>Lisbeth Mej\u00eda Reyes\/Zona Roja.<\/p>\n\n\n\n<p>Oaxaca, Oax., a 4 de noviembre de 2025.- Con un foro de denuncia y memoria, el Movimiento de Unificaci\u00f3n y Lucha Triqui (MULT) conmemorar\u00e1 este 5 de noviembre el primer aniversario luctuoso de Adriana y Virginia Ortiz Garc\u00eda, hermanas y artesanas asesinadas en 2024 en la ciudad de Oaxaca y cuyas muertes consideran como un crimen de Estado.<\/p>\n\n\n\n<p>La jornada ser\u00e1 tambi\u00e9n para recordar a las hermanas Daniela y Virginia Ortiz Ram\u00edrez, desaparecidas desde el 7 de julio de 2007, cuando salieron de la comunidad El Rastrojo, en la regi\u00f3n Mixteca de Oaxaca.<\/p>\n\n\n\n<p>Para esta conmemoraci\u00f3n, el MULT ha organizado una misa, a las 9:00 horas, en memoria de todas y todos sus integrantes asesinados y desaparecidos. A 43 a\u00f1os de su fundaci\u00f3n, el MULT ha se\u00f1alado que son m\u00e1s de 500 asesinatos de sus integrantes y de estos unos 20 han ocurrido en los \u00faltimos tres a\u00f1os.<\/p>\n\n\n\n<p>La jornada tendr\u00e1 tambi\u00e9n un foro que se desarrollar\u00e1 a partir de las 10:00 frente al Palacio de Gobierno. En \u00e9l participar\u00e1n mujeres y organizaciones defensoras de derechos humanos.<\/p>\n\n\n\n<p>En un primer momento, con la modernizaci\u00f3n de Emelia Ortiz Garc\u00eda, las ponencias ser\u00e1n por parte de Y\u00e9sica S\u00e1nchez Maya, integrante de la direcci\u00f3n colegiada de la organizaci\u00f3n Consorcio para el Di\u00e1logo Parlamentario y la Equidad Oaxaca; Soledad Jarqu\u00edn Edgar, periodista feminista y defensora de derechos humanos; Beatriz P\u00e9rez L\u00f3pez, abogada triqui y ex diputada federal, y Nadin Reyes Maldonado, defensora de derechos humanos.&nbsp;<\/p>\n\n\n\n<p>Este segmento est\u00e1 dedicado a reflexionar sobre las desapariciones forzadas de mujeres, la violencia en la regi\u00f3n triqui, feminicidio e impunidad y la criminalizaci\u00f3n del movimiento popular.<\/p>\n\n\n\n<p>En un segundo bloque participar\u00e1n integrantes de organizaciones sociales como el Covic Nochixtl\u00e1n, el MULT y el Comit\u00e9 de V\u00edctimas de San Mateo del Mar, con el tema de \u00abEjecuciones extrajudiciales, crimen de Estado en Oaxaca\u00bb.<\/p>\n\n\n\n<p>Finalmente, en el tercer bloque se abordar\u00e1 el tema: \u00bfQu\u00e9 hacer para combatir las ejecuciones extrajudiciales? En est segmento tambi\u00e9n participar\u00e1n varias Organizaci\u00f3n sociales.<\/p>\n","protected":false},"excerpt":{"rendered":"<p>Lisbeth Mej\u00eda Reyes\/Zona Roja. Oaxaca, Oax., a 4 de noviembre de 2025.- Con un foro&hellip;<\/p>\n","protected":false},"author":2,"featured_media":86534,"comment_status":"closed","ping_status":"open","sticky":false,"template":"","format":"standard","meta":{"_lmt_disableupdate":"","_lmt_disable":"","_jetpack_memberships_contains_paid_content":false,"footnotes":""},"categories":[109,47],"tags":[867],"class_list":["post-86533","post","type-post","status-publish","format-standard","has-post-thumbnail","hentry","category-minuto-a-minuto","category-zona-gris","tag-movimiento-unificador-de-lucha-triqui-mult"],"jetpack_featured_media_url":"https:\/\/zonaroja.com.mx\/wp-content\/uploads\/2025\/11\/Primer-aniversario-asesinato-triquis.jpg","jetpack_sharing_enabled":true,"_links":{"self":[{"href":"https:\/\/zonaroja.com.mx\/index.php?rest_route=\/wp\/v2\/posts\/86533","targetHints":{"allow":["GET"]}}],"collection":[{"href":"https:\/\/zonaroja.com.mx\/index.php?rest_route=\/wp\/v2\/posts"}],"about":[{"href":"https:\/\/zonaroja.com.mx\/index.php?rest_route=\/wp\/v2\/types\/post"}],"author":[{"embeddable":true,"href":"https:\/\/zonaroja.com.mx\/index.php?rest_route=\/wp\/v2\/users\/2"}],"replies":[{"embeddable":true,"href":"https:\/\/zonaroja.com.mx\/index.php?rest_route=%2Fwp%2Fv2%2Fcomments&post=86533"}],"version-history":[{"count":1,"href":"https:\/\/zonaroja.com.mx\/index.php?rest_route=\/wp\/v2\/posts\/86533\/revisions"}],"predecessor-version":[{"id":86535,"href":"https:\/\/zonaroja.com.mx\/index.php?rest_route=\/wp\/v2\/posts\/86533\/revisions\/86535"}],"wp:featuredmedia":[{"embeddable":true,"href":"https:\/\/zonaroja.com.mx\/index.php?rest_route=\/wp\/v2\/media\/86534"}],"wp:attachment":[{"href":"https:\/\/zonaroja.com.mx\/index.php?rest_route=%2Fwp%2Fv2%2Fmedia&parent=86533"}],"wp:term":[{"taxonomy":"category","embeddable":true,"href":"https:\/\/zonaroja.com.mx\/index.php?rest_route=%2Fwp%2Fv2%2Fcategories&post=86533"},{"taxonomy":"post_tag","embeddable":true,"href":"https:\/\/zonaroja.com.mx\/index.php?rest_route=%2Fwp%2Fv2%2Ftags&post=86533"}],"curies":[{"name":"wp","href":"https:\/\/api.w.org\/{rel}","templated":true}]}}