{"id":86536,"date":"2025-11-04T12:13:00","date_gmt":"2025-11-04T18:13:00","guid":{"rendered":"https:\/\/zonaroja.com.mx\/?p=86536"},"modified":"2025-11-04T08:14:41","modified_gmt":"2025-11-04T14:14:41","slug":"vinculan-a-proceso-a-ladron-de-multiples-tiendas-oxxo-en-oaxaca","status":"publish","type":"post","link":"https:\/\/zonaroja.com.mx\/?p=86536","title":{"rendered":"Vinculan a proceso a ladr\u00f3n de m\u00faltiples tiendas Oxxo en Oaxaca"},"content":{"rendered":"\n<p>Redacci\u00f3n\/Zona Roja.&nbsp;<\/p>\n\n\n\n<p>Oaxaca, Oax., a 4 de noviembre de 2025.- La Fiscal\u00eda General del Estado de Oaxaca (FGEO) obtuvo auto de vinculaci\u00f3n a proceso en contra de una persona del sexo masculino identificada como C.R.R.R., por el delito de robo con violencia moral a las personas, cometido en perjuicio de una tienda Oxxo ubicada en Santa Luc\u00eda del Camino, adem\u00e1s que las investigaciones ministeriales sugieren que el imputado estar\u00eda relacionado con una red dedicada al robo de este tipo de tiendas de conveniencia que operaba en la Zona Metropolitana.<\/p>\n\n\n\n<p>De acuerdo con el expediente penal, los hechos ocurrieron el 29 de octubre de 2025, cuando el imputado ingres\u00f3 a una tienda de conveniencia Oxxo ubicada en la avenida L\u00e1zaro C\u00e1rdenas, colonia Bosque Norte, en el municipio de Santa Luc\u00eda del Camino, de donde sustrajo un tel\u00e9fono celular y dinero de empleados, para posteriormente dirigirse al \u00e1rea de cajas y apoderarse del dinero en efectivo.<\/p>\n\n\n\n<p>La investigaci\u00f3n revela que, tras cometer el delito, el responsable huy\u00f3 del establecimiento; sin embargo, momentos despu\u00e9s, y gracias al se\u00f1alamiento de testigos, C.R.R.R. fue detenido por la Polic\u00eda Municipal de Santa Luc\u00eda del Camino y puesto a disposici\u00f3n de la autoridad competente.<\/p>\n\n\n\n<p>En audiencia, y tras analizar los datos de prueba presentados por la FGEO a trav\u00e9s de la Vicefiscal\u00eda Regional de Valles Centrales, el Juez de la Causa determin\u00f3 vincular a proceso al imputado por el delito de robo con violencia moral a las personas, imponiendo la medida cautelar de prisi\u00f3n preventiva y otorgar el plazo de un mes para el cierre de la investigaci\u00f3n complementaria.<\/p>\n\n\n\n<p>En tanto que, estas investigaciones sugieren que el imputado estar\u00eda vinculado con una red delictiva local que se dedica al robo de este tipo de tiendas en diferentes municipios de la Zona Metropolitana de los Valles Centrales.<\/p>\n\n\n\n<p>HOMICIDA DETENIDO<\/p>\n\n\n\n<p>En otro caso, la Fiscal\u00eda General ejecut\u00f3 una orden de aprehensi\u00f3n que permiti\u00f3 la detenci\u00f3n de una persona del sexo masculino identificado como S.M.C., por el delito de homicidio calificado con ventaja, cometido en la regi\u00f3n de la Mixteca.<\/p>\n\n\n\n<p>Los hechos de acuerdo con el expediente penal, ocurrieron el 30 de agosto de 2025, cuando la v\u00edctima identificada como J.C.C.H., se encontraba en compa\u00f1\u00eda de otra persona en inmediaciones de un domicilio ubicado en la calle Adolfo L\u00f3pez Mateos de la colonia Los Presidentes perteneciente al municipio de Huajuapan de Le\u00f3n.<\/p>\n\n\n\n<p>La investigaci\u00f3n establece que en ese lugar fue agredido por tripulantes de un veh\u00edculo que lo atacaron con un arma punzocortante, infligiendo lesiones severas que lo privaron de la vida, la v\u00edctima, falleci\u00f3 cuando recib\u00eda atenci\u00f3n m\u00e9dica en un hospital de esa misma ciudad.<\/p>\n\n\n\n<p>Por estos hechos y tras tomar conocimiento del caso, la FGEO -a trav\u00e9s de la Vicefiscal\u00eda Regional de la Mixteca- realiz\u00f3 las investigaciones correspondientes que permitieron obtener la orden de aprehensi\u00f3n en contra de S.M.C., quien fue detenido por Agentes Estatales de Investigaci\u00f3n (AEI) para ser puesto a disposici\u00f3n de la autoridad que lo requiri\u00f3 y con ello, determinar su situaci\u00f3n jur\u00eddica.<\/p>\n","protected":false},"excerpt":{"rendered":"<p>Redacci\u00f3n\/Zona Roja.&nbsp; Oaxaca, Oax., a 4 de noviembre de 2025.- La Fiscal\u00eda General del Estado&hellip;<\/p>\n","protected":false},"author":2,"featured_media":86378,"comment_status":"closed","ping_status":"open","sticky":false,"template":"","format":"standard","meta":{"_lmt_disableupdate":"","_lmt_disable":"","_jetpack_memberships_contains_paid_content":false,"footnotes":""},"categories":[109,46],"tags":[494],"class_list":["post-86536","post","type-post","status-publish","format-standard","has-post-thumbnail","hentry","category-minuto-a-minuto","category-zona-blanca","tag-fiscalia-general-del-estado-de-oaxaca"],"jetpack_featured_media_url":"https:\/\/zonaroja.com.mx\/wp-content\/uploads\/2025\/10\/Ladron-de-Oxxo-Santa-Lucia-del-Camino.jpg","jetpack_sharing_enabled":true,"_links":{"self":[{"href":"https:\/\/zonaroja.com.mx\/index.php?rest_route=\/wp\/v2\/posts\/86536","targetHints":{"allow":["GET"]}}],"collection":[{"href":"https:\/\/zonaroja.com.mx\/index.php?rest_route=\/wp\/v2\/posts"}],"about":[{"href":"https:\/\/zonaroja.com.mx\/index.php?rest_route=\/wp\/v2\/types\/post"}],"author":[{"embeddable":true,"href":"https:\/\/zonaroja.com.mx\/index.php?rest_route=\/wp\/v2\/users\/2"}],"replies":[{"embeddable":true,"href":"https:\/\/zonaroja.com.mx\/index.php?rest_route=%2Fwp%2Fv2%2Fcomments&post=86536"}],"version-history":[{"count":1,"href":"https:\/\/zonaroja.com.mx\/index.php?rest_route=\/wp\/v2\/posts\/86536\/revisions"}],"predecessor-version":[{"id":86537,"href":"https:\/\/zonaroja.com.mx\/index.php?rest_route=\/wp\/v2\/posts\/86536\/revisions\/86537"}],"wp:featuredmedia":[{"embeddable":true,"href":"https:\/\/zonaroja.com.mx\/index.php?rest_route=\/wp\/v2\/media\/86378"}],"wp:attachment":[{"href":"https:\/\/zonaroja.com.mx\/index.php?rest_route=%2Fwp%2Fv2%2Fmedia&parent=86536"}],"wp:term":[{"taxonomy":"category","embeddable":true,"href":"https:\/\/zonaroja.com.mx\/index.php?rest_route=%2Fwp%2Fv2%2Fcategories&post=86536"},{"taxonomy":"post_tag","embeddable":true,"href":"https:\/\/zonaroja.com.mx\/index.php?rest_route=%2Fwp%2Fv2%2Ftags&post=86536"}],"curies":[{"name":"wp","href":"https:\/\/api.w.org\/{rel}","templated":true}]}}