{"id":86538,"date":"2025-11-04T17:26:28","date_gmt":"2025-11-04T23:26:28","guid":{"rendered":"https:\/\/zonaroja.com.mx\/?p=86538"},"modified":"2025-11-04T17:26:30","modified_gmt":"2025-11-04T23:26:30","slug":"inedita-omision-de-capufe-con-bomberos-oaxaca-en-accidente-mortal","status":"publish","type":"post","link":"https:\/\/zonaroja.com.mx\/?p=86538","title":{"rendered":"In\u00e9dita omisi\u00f3n de Capufe con Bomberos Oaxaca en accidente mortal\u00a0"},"content":{"rendered":"\n<p>Lisbeth Mej\u00eda Reyes\/Zona Roja.<\/p>\n\n\n\n<p>Oaxaca, Oax., a 4 de noviembre de 2025.- La falta de coordinaci\u00f3n entre el personal de Caminos y Puentes Federales (Capufe) ha limitado la labor del Heroico Cuerpo de Bomberos de Oaxaca ante las emergencias en la supercarretera Barranca Larga -Ventanilla, se\u00f1al\u00f3 este martes el director de la corporaci\u00f3n, Jorge Arturo Rivas Fern\u00e1ndez del Campo.<\/p>\n\n\n\n<p>Aunque neg\u00f3 que dejen de prestar el servicio a la poblaci\u00f3n, solicit\u00f3 a las autoridades correspondientes atender la situaci\u00f3n para garantizar las labores de rescate en la v\u00eda y evitar as\u00ed la p\u00e9rdida de vidas.<\/p>\n\n\n\n<p>El \u00faltimo de los casos se registr\u00f3 la noche de este lunes, cuando a petici\u00f3n de los mismos param\u00e9dicos de Capufe el personal de Bomberos acudi\u00f3 para apoyar en la atenci\u00f3n y traslado de las personas lesionadas en el choque entre dos veh\u00edculos en el kil\u00f3metro 71, entre un veh\u00edculo marca Kia, con placas TJY-578C del estado de Oaxaca, y un Nissan March, modelo 2017, color rojo, con placas PEK-392B del Estado de M\u00e9xico.&nbsp;<\/p>\n\n\n\n<p>El percance dej\u00f3 un persona fallecida, identificada como Flavio L. R. y al menos seis lesionadas.<\/p>\n\n\n\n<p>Sin embargo, la unidad de Bomberos no pudo llegar al sitio porque el personal de la caseta de cobro le exig\u00eda un documento de comisi\u00f3n o el pago del peaje.<\/p>\n\n\n\n<p>\u00abAnte la falta de concientizaci\u00f3n y coordinaci\u00f3n que existe nos genera a nosotros cierta molestia, tambi\u00e9n los minutos que se pierden en hacer este tipo de documentos o la burocracia genera que se pierda este tiempo, sobre todo cuando se trata de una emergencia y lesionados, y de que se estaban reportando que hab\u00eda ni\u00f1os lesionados en este accidente\u00bb, explic\u00f3.<\/p>\n\n\n\n<p>Rivas detall\u00f3 que no se logr\u00f3 que la ambulancia pasara sin cubrir la cuota del peaje, por lo que se decidi\u00f3 retornar a la ciudad capital. Aunque \u00abse apoy\u00f3 de todos modos con las ambulancias que ya tra\u00edan a los lesionados para hacer el traslado de los pacientes, pero posterior a la caseta\u00bb.<\/p>\n\n\n\n<p>Ante situaciones como esta, el director de la corporaci\u00f3n pidi\u00f3 a las autoridades, sobre todo al personal de Capufe de la supercarretera Barranca Larga -Ventanilla, ser concientes.&nbsp;<\/p>\n\n\n\n<p>Tambi\u00e9n que le informen si es necesario enviar otro documento aparte de los que ha turnado al organismo federal para exentar el pago de casetas durante los servicios de rescate y prehospitalario.<\/p>\n\n\n\n<figure class=\"wp-block-embed is-type-rich is-provider-twitter wp-block-embed-twitter\"><div class=\"wp-block-embed__wrapper\">\n<div class=\"twitter-tweet\"><blockquote class=\"twitter-tweet\" data-lang=\"es\"><p lang=\"es\" dir=\"ltr\">Terrible irresponsabilidad de <a href=\"https:\/\/twitter.com\/CAPUFE?ref_src=twsrc%5Etfw\">@CAPUFE<\/a> en Oaxaca. <br><br>El director del Heroico Cuerpo de Bomberos del Estado (<a href=\"https:\/\/twitter.com\/Bomberos_GobOax?ref_src=twsrc%5Etfw\">@Bomberos_GobOax<\/a>), Jorge Arturo Rivas Fern\u00e1ndez del R\u00edo, expresa la molestia e indignaci\u00f3n de la corporaci\u00f3n, luego de que personal de ese organismo federal quiso cobrar\u2026 <a href=\"https:\/\/t.co\/n7rdI5Y6u6\">pic.twitter.com\/n7rdI5Y6u6<\/a><\/p>&mdash; Zona Roja Oaxaca (@ZonaRoja_Oaxaca) <a href=\"https:\/\/twitter.com\/ZonaRoja_Oaxaca\/status\/1985761864375017833?ref_src=twsrc%5Etfw\">4 de noviembre de 2025<\/a><\/blockquote><\/div>\n<\/div><\/figure>\n","protected":false},"excerpt":{"rendered":"<p>Lisbeth Mej\u00eda Reyes\/Zona Roja. Oaxaca, Oax., a 4 de noviembre de 2025.- La falta de&hellip;<\/p>\n","protected":false},"author":2,"featured_media":86539,"comment_status":"closed","ping_status":"open","sticky":false,"template":"","format":"standard","meta":{"_lmt_disableupdate":"","_lmt_disable":"","_jetpack_memberships_contains_paid_content":false,"footnotes":""},"categories":[109,47],"tags":[1946,3639],"class_list":["post-86538","post","type-post","status-publish","format-standard","has-post-thumbnail","hentry","category-minuto-a-minuto","category-zona-gris","tag-heroico-cuerpo-de-bomberos-oaxaca","tag-supercarretera-oaxaca-costa"],"jetpack_featured_media_url":"https:\/\/zonaroja.com.mx\/wp-content\/uploads\/2025\/11\/Accidente-supercarretera-Oaxaca-Puerto-Escondido.jpg","jetpack_sharing_enabled":true,"_links":{"self":[{"href":"https:\/\/zonaroja.com.mx\/index.php?rest_route=\/wp\/v2\/posts\/86538","targetHints":{"allow":["GET"]}}],"collection":[{"href":"https:\/\/zonaroja.com.mx\/index.php?rest_route=\/wp\/v2\/posts"}],"about":[{"href":"https:\/\/zonaroja.com.mx\/index.php?rest_route=\/wp\/v2\/types\/post"}],"author":[{"embeddable":true,"href":"https:\/\/zonaroja.com.mx\/index.php?rest_route=\/wp\/v2\/users\/2"}],"replies":[{"embeddable":true,"href":"https:\/\/zonaroja.com.mx\/index.php?rest_route=%2Fwp%2Fv2%2Fcomments&post=86538"}],"version-history":[{"count":1,"href":"https:\/\/zonaroja.com.mx\/index.php?rest_route=\/wp\/v2\/posts\/86538\/revisions"}],"predecessor-version":[{"id":86540,"href":"https:\/\/zonaroja.com.mx\/index.php?rest_route=\/wp\/v2\/posts\/86538\/revisions\/86540"}],"wp:featuredmedia":[{"embeddable":true,"href":"https:\/\/zonaroja.com.mx\/index.php?rest_route=\/wp\/v2\/media\/86539"}],"wp:attachment":[{"href":"https:\/\/zonaroja.com.mx\/index.php?rest_route=%2Fwp%2Fv2%2Fmedia&parent=86538"}],"wp:term":[{"taxonomy":"category","embeddable":true,"href":"https:\/\/zonaroja.com.mx\/index.php?rest_route=%2Fwp%2Fv2%2Fcategories&post=86538"},{"taxonomy":"post_tag","embeddable":true,"href":"https:\/\/zonaroja.com.mx\/index.php?rest_route=%2Fwp%2Fv2%2Ftags&post=86538"}],"curies":[{"name":"wp","href":"https:\/\/api.w.org\/{rel}","templated":true}]}}