{"id":86541,"date":"2025-11-04T18:00:00","date_gmt":"2025-11-05T00:00:00","guid":{"rendered":"https:\/\/zonaroja.com.mx\/?p=86541"},"modified":"2025-11-04T20:26:22","modified_gmt":"2025-11-05T02:26:22","slug":"reconoce-fiscalia-solo-un-detenido-por-conflicto-yosondua-yolotepec","status":"publish","type":"post","link":"https:\/\/zonaroja.com.mx\/?p=86541","title":{"rendered":"Reconoce Fiscal\u00eda s\u00f3lo un detenido por conflicto Yosond\u00faa-Yolotepec"},"content":{"rendered":"\n<p>Raymundo Morales\/Zona Roja.&nbsp;<\/p>\n\n\n\n<p>Oaxaca, Oax., a 4 de noviembre de 2025.- A pesar de que ayer la Secretar\u00eda de Gobierno (Sego) asegur\u00f3 ayer que hab\u00eda dos personas detenidas por el conflicto entre Santiago Yosond\u00faa y Santa Mar\u00eda Yolotepec, la Fiscal\u00eda General del Estado de Oaxaca dio a conocer hoy una aprehensi\u00f3n.<\/p>\n\n\n\n<p>En un comunicado inform\u00f3 de la detenci\u00f3n legal de una persona del sexo masculino identificada como F.V.J.&nbsp;(Florentino) por el delito de Desplazamiento Arbitrario y otros delitos por hechos derivados de un conflicto agrario entre las dos comunidades de la regi\u00f3n Mixteca.<\/p>\n\n\n\n<p>Expuso que, de acuerdo con las investigaciones, los primeros hechos ocurrieron el pasado 18 de agosto y han sido constantes, como lo fue el 1 de noviembre de este a\u00f1o, cuando la Vicefiscal\u00eda Regional de la Mixteca recibi\u00f3 el reporte de que un grupo de personas armadas ingresaron al \u00e1rea en disputa ubicada en el paraje Buenavista, as\u00ed como en terrenos pertenecientes a Santo Domingo Ixcatl\u00e1n.<\/p>\n\n\n\n<p>En el lugar se registraron agresiones por las cuales perdieron la vida dos personas, por lo cual, autoridades municipales solicitaron la intervenci\u00f3n de las corporaciones de seguridad.<\/p>\n\n\n\n<p>\u201cComo resultado de las investigaciones ministeriales emanadas de los trabajos en campo durante un operativo interinstitucional se obtuvo una orden de aprehensi\u00f3n emitida por un Juez, la cual permiti\u00f3 la detenci\u00f3n de F.V.J.&nbsp;(comisariado de Yolotepec) por el delito de Desplazamiento Arbitrario y otros delitos quien qued\u00f3 a disposici\u00f3n de la autoridad competente para determinar su situaci\u00f3n jur\u00eddica.<\/p>\n\n\n\n<p>\u201cAsimismo, la Fiscal\u00eda de Oaxaca reafirma su compromiso de atender los conflictos agrarios desde un enfoque de justicia y mediaci\u00f3n institucional, privilegiando el di\u00e1logo y la aplicaci\u00f3n de la ley para evitar la impunidad y fortalecer la convivencia pac\u00edfica en las regiones del estado\u201d, manifest\u00f3.<\/p>\n\n\n\n<p>Ayer, pobladores de Yosond\u00faa exigieron la libertad de la presidenta del Comisariado de Bienes Comunales, Amada L\u00f3pez Feria, quien ya habr\u00eda sido puesta en libertad. <\/p>\n","protected":false},"excerpt":{"rendered":"<p>Raymundo Morales\/Zona Roja.&nbsp; Oaxaca, Oax., a 4 de noviembre de 2025.- A pesar de que&hellip;<\/p>\n","protected":false},"author":2,"featured_media":86542,"comment_status":"closed","ping_status":"open","sticky":false,"template":"","format":"standard","meta":{"_lmt_disableupdate":"","_lmt_disable":"","_jetpack_memberships_contains_paid_content":false,"footnotes":""},"categories":[109,46],"tags":[494],"class_list":["post-86541","post","type-post","status-publish","format-standard","has-post-thumbnail","hentry","category-minuto-a-minuto","category-zona-blanca","tag-fiscalia-general-del-estado-de-oaxaca"],"jetpack_featured_media_url":"https:\/\/zonaroja.com.mx\/wp-content\/uploads\/2025\/11\/Detenido-Yolotepec-por-conflicto-agrario-Fiscalia.jpg","jetpack_sharing_enabled":true,"_links":{"self":[{"href":"https:\/\/zonaroja.com.mx\/index.php?rest_route=\/wp\/v2\/posts\/86541","targetHints":{"allow":["GET"]}}],"collection":[{"href":"https:\/\/zonaroja.com.mx\/index.php?rest_route=\/wp\/v2\/posts"}],"about":[{"href":"https:\/\/zonaroja.com.mx\/index.php?rest_route=\/wp\/v2\/types\/post"}],"author":[{"embeddable":true,"href":"https:\/\/zonaroja.com.mx\/index.php?rest_route=\/wp\/v2\/users\/2"}],"replies":[{"embeddable":true,"href":"https:\/\/zonaroja.com.mx\/index.php?rest_route=%2Fwp%2Fv2%2Fcomments&post=86541"}],"version-history":[{"count":2,"href":"https:\/\/zonaroja.com.mx\/index.php?rest_route=\/wp\/v2\/posts\/86541\/revisions"}],"predecessor-version":[{"id":86547,"href":"https:\/\/zonaroja.com.mx\/index.php?rest_route=\/wp\/v2\/posts\/86541\/revisions\/86547"}],"wp:featuredmedia":[{"embeddable":true,"href":"https:\/\/zonaroja.com.mx\/index.php?rest_route=\/wp\/v2\/media\/86542"}],"wp:attachment":[{"href":"https:\/\/zonaroja.com.mx\/index.php?rest_route=%2Fwp%2Fv2%2Fmedia&parent=86541"}],"wp:term":[{"taxonomy":"category","embeddable":true,"href":"https:\/\/zonaroja.com.mx\/index.php?rest_route=%2Fwp%2Fv2%2Fcategories&post=86541"},{"taxonomy":"post_tag","embeddable":true,"href":"https:\/\/zonaroja.com.mx\/index.php?rest_route=%2Fwp%2Fv2%2Ftags&post=86541"}],"curies":[{"name":"wp","href":"https:\/\/api.w.org\/{rel}","templated":true}]}}