{"id":86548,"date":"2025-11-04T21:42:34","date_gmt":"2025-11-05T03:42:34","guid":{"rendered":"https:\/\/zonaroja.com.mx\/?p=86548"},"modified":"2025-11-04T21:42:36","modified_gmt":"2025-11-05T03:42:36","slug":"identifican-a-individuo-ejecutado-en-atzompa-oaxaca","status":"publish","type":"post","link":"https:\/\/zonaroja.com.mx\/?p=86548","title":{"rendered":"Identifican a individuo ejecutado en Atzompa, Oaxaca"},"content":{"rendered":"\n<p>Raymundo Morales\/Zona Roja.<\/p>\n\n\n\n<p>Oaxaca, Oax., a 4 de noviembre de 2025.- Como Jorge M. T., de aproximadamente 44 a\u00f1os de edad, fue identificada la persona ejecutada la tarde de este martes en Santa Mar\u00eda Atzompa, municipio conurbado a la capital de Oaxaca.<\/p>\n\n\n\n<p>Fue en la v\u00eda principal de acceso, a la altura de la colonia Forestal, en que sujetos armados dispararon a quien se dedicaba a vender lotes de terrenos; el hombre logr\u00f3 ingresar a una Farmacia Similares, donde perdi\u00f3 la vida.<\/p>\n\n\n\n<p>Seg\u00fan las primeras indagatorias, recibi\u00f3 al menos nueve disparos de arma de grueso calibre y, pese a que es una vialidad altamente transitada, por la cercan\u00eda del centro comercial Plaza Bella, no hab\u00eda polic\u00edas municipales en la zona.<\/p>\n\n\n\n<p>Por lo cual los delincuentes pudieron huir sin ning\u00fan contratiempo; los polic\u00edas de Atzompa arribaron al lugar pero \u00fanicamente a resguardar la escena del crimen.<\/p>\n\n\n\n<p>Peritos y agentes de investigaci\u00f3n efectuaron las primeras diligencias y seg\u00fan reportes informativos, la v\u00edctima ten\u00eda antecedentes penales e incluso hab\u00eda sido detenido a finales del a\u00f1o pasado.<\/p>\n\n\n\n<p>EN JUCHIT\u00c1N<\/p>\n\n\n\n<p>Por otra parte, la violencia no cesa en Juchit\u00e1n de Zaragoza y este martes sujetos dispararon contra un local comercial, ubicado en la carretera que comunica con el municipio de El Espinal.<\/p>\n\n\n\n<p>Presuntamente se trat\u00f3 de una intimidaci\u00f3n y amenazas en contra de una filial de Honda, por negarse a pagar derecho de piso; los polic\u00edas municipales arribaron a la zona pero \u00fanicamente localizaron casquillos percutidos.<\/p>\n\n\n\n<p>El local fue cerrado de inmediato y hasta el momento no se han reportado v\u00edctimas de este atentado.<\/p>\n","protected":false},"excerpt":{"rendered":"<p>Raymundo Morales\/Zona Roja. Oaxaca, Oax., a 4 de noviembre de 2025.- Como Jorge M. T.,&hellip;<\/p>\n","protected":false},"author":2,"featured_media":86549,"comment_status":"closed","ping_status":"open","sticky":false,"template":"","format":"standard","meta":{"_lmt_disableupdate":"","_lmt_disable":"","_jetpack_memberships_contains_paid_content":false,"footnotes":""},"categories":[109,51],"tags":[1049],"class_list":["post-86548","post","type-post","status-publish","format-standard","has-post-thumbnail","hentry","category-minuto-a-minuto","category-zona-roja","tag-santa-maria-atzompa"],"jetpack_featured_media_url":"https:\/\/zonaroja.com.mx\/wp-content\/uploads\/2025\/11\/Ejecutado-Atzompa-Oaxaca.jpeg","jetpack_sharing_enabled":true,"_links":{"self":[{"href":"https:\/\/zonaroja.com.mx\/index.php?rest_route=\/wp\/v2\/posts\/86548","targetHints":{"allow":["GET"]}}],"collection":[{"href":"https:\/\/zonaroja.com.mx\/index.php?rest_route=\/wp\/v2\/posts"}],"about":[{"href":"https:\/\/zonaroja.com.mx\/index.php?rest_route=\/wp\/v2\/types\/post"}],"author":[{"embeddable":true,"href":"https:\/\/zonaroja.com.mx\/index.php?rest_route=\/wp\/v2\/users\/2"}],"replies":[{"embeddable":true,"href":"https:\/\/zonaroja.com.mx\/index.php?rest_route=%2Fwp%2Fv2%2Fcomments&post=86548"}],"version-history":[{"count":1,"href":"https:\/\/zonaroja.com.mx\/index.php?rest_route=\/wp\/v2\/posts\/86548\/revisions"}],"predecessor-version":[{"id":86550,"href":"https:\/\/zonaroja.com.mx\/index.php?rest_route=\/wp\/v2\/posts\/86548\/revisions\/86550"}],"wp:featuredmedia":[{"embeddable":true,"href":"https:\/\/zonaroja.com.mx\/index.php?rest_route=\/wp\/v2\/media\/86549"}],"wp:attachment":[{"href":"https:\/\/zonaroja.com.mx\/index.php?rest_route=%2Fwp%2Fv2%2Fmedia&parent=86548"}],"wp:term":[{"taxonomy":"category","embeddable":true,"href":"https:\/\/zonaroja.com.mx\/index.php?rest_route=%2Fwp%2Fv2%2Fcategories&post=86548"},{"taxonomy":"post_tag","embeddable":true,"href":"https:\/\/zonaroja.com.mx\/index.php?rest_route=%2Fwp%2Fv2%2Ftags&post=86548"}],"curies":[{"name":"wp","href":"https:\/\/api.w.org\/{rel}","templated":true}]}}