{"id":86554,"date":"2025-11-05T08:15:00","date_gmt":"2025-11-05T14:15:00","guid":{"rendered":"https:\/\/zonaroja.com.mx\/?p=86554"},"modified":"2025-11-05T07:06:42","modified_gmt":"2025-11-05T13:06:42","slug":"va-de-nuevo-la-seccion-22-y-el-cnte-alistan-paro-de-48-horas","status":"publish","type":"post","link":"https:\/\/zonaroja.com.mx\/?p=86554","title":{"rendered":"Va de nuevo: la Secci\u00f3n 22 y el CNTE alistan paro de 48 horas\u00a0"},"content":{"rendered":"\n<p>Lisbeth Mej\u00eda Reyes\/Zona Roja.<\/p>\n\n\n\n<p>Oaxaca, Oax., a 5 de noviembre de 2025.- La Secci\u00f3n 22 del Sindicato Nacional de Trabajadores de la Educaci\u00f3n (SNTE) confirm\u00f3 este martes que realizar\u00e1 el paro de labores de 48 horas los d\u00edas 13 y 14 de noviembre de 2025, como parte de la jornada nacional de lucha de la Coordinadora Nacional de Trabajadores de la Educaci\u00f3n (CNTE), de la que tambi\u00e9n es integrante.<\/p>\n\n\n\n<p>Esta movilizaci\u00f3n se da tras un primer paro nacional de 24 horas del pasado 17 de octubre y el levantamiento de la mesa tripartita que sostuvo el pasado 27 de octubre con el gobierno federal y estatal.&nbsp;<\/p>\n\n\n\n<p>Adem\u00e1s de que es la antesala para una nueva protesta permanente o un boicot al Mundial del 2026 si no consigue respuestas favorables a sus demandas.<\/p>\n\n\n\n<p>Este martes, la Secci\u00f3n 22 inform\u00f3 que el paro de los d\u00edas 13 y 14 de noviembre \u00abtiene como objetivo exigir atenci\u00f3n inmediata a las demandas hist\u00f3ricas del magisterio y denunciar el incumplimiento de compromisos en materia educativa, laboral y social por parte de los distintos niveles de gobierno\u00bb.<\/p>\n\n\n\n<p>Entre estas demandas est\u00e1 la abrogaci\u00f3n de la Ley del ISSSTE de 2007, \u00abque vulnera derechos y prestaciones conquistadas por las y los trabajadores de la educaci\u00f3n\u00bb.<\/p>\n\n\n\n<p>La \u00ababrogaci\u00f3n total de la reforma educativa \u201cPe\u00f1a\u2013AMLO\u201d, por ser regresiva, punitiva y contraria a los principios pedag\u00f3gicos y laborales del magisterio\u00bb.<\/p>\n\n\n\n<p>Asimismo, para exigir un \u00abaumento real y suficiente al presupuesto en educaci\u00f3n, salud y seguridad social, garantizando condiciones dignas para la ense\u00f1anza y el bienestar del pueblo\u00bb.&nbsp;<\/p>\n\n\n\n<p>Adem\u00e1s de exigir la \u00abreinstalaci\u00f3n inmediata de las mesas de negociaci\u00f3n nacionales y estatales con car\u00e1cter resolutivo, que permitan cumplir de manera efectiva los acuerdos alcanzados\u00bb.<\/p>\n\n\n\n<p>Tambi\u00e9n para exigir\u00bbrespeto absoluto a los derechos laborales, sindicales y profesionales de las y los trabajadores de la educaci\u00f3n: estabilidad en el empleo, condiciones laborales dignas y libertad sindical plena\u00bb.<\/p>\n\n\n\n<p>Este nuevo paro de labores, que tambi\u00e9n es antecedido por el paro de m\u00e1s de 20 d\u00edas efectuado en mayo y junio, contempla la suspensi\u00f3n de labores en todos los niveles educativos en el estado de Oaxaca.<\/p>\n\n\n\n<p>Asimismo, se prev\u00e9 la participaci\u00f3n coordinada en la jornada nacional de lucha junto a las secciones sindicales de Michoac\u00e1n, Chiapas, Guerrero, Veracruz, Zacatecas, Estado de M\u00e9xico y Ciudad de M\u00e9xico.<\/p>\n\n\n\n<p>Aunado a movilizaciones, m\u00edtines y acciones informativas para dar a conocer las demandas del magisterio.<\/p>\n\n\n\n<p>Adem\u00e1s del pr\u00f3ximo paro de 48 horas, la CNTE tambi\u00e9n tenga una movilizaci\u00f3n nacional en diciembre, pero por su aniversario.<\/p>\n\n\n\n<p>Ante las protestas de la gremial oaxaque\u00f1a, el Gobierno del Estado ha se\u00f1alado que la administraci\u00f3n del ex presidente Andr\u00e9s Manuel L\u00f3pez Obrador y la que encabeza Claudia Sheinbaum Pardo \u00abhan otorgado beneficios directos al magisterio oaxaque\u00f1o por 5 mil 20 millones 972 mil 34 pesos\u00bb.<\/p>\n\n\n\n<p>Sin embargo, tras considerar que estos dichos buscan deslegitimar su lucha, la Secci\u00f3n 22 aclar\u00f3 que \u00ablos supuestos beneficios\u00bb se deben al pago de rezagos generados por la Reforma Educativa Pe\u00f1a-AMLO y el decreto firmado por el ex gobernador Gabino Cu\u00e9, mediante el que cedi\u00f3 el control de la educaci\u00f3n de Oaxaca a la Secretar\u00eda de Educaci\u00f3n P\u00fablica (SEP).<\/p>\n\n\n\n<p>Estos rezagos son, por ejemplo, los pagos pendientes al personal de apoyo educativo que ha ejercido labores docentes, las recategorizaciones de supervisores y jefes de sector.<\/p>\n\n\n\n<p>Del mobiliario y equipamiento tecnol\u00f3gico para las escuelas, que tambi\u00e9n fue se\u00f1alado por el gobierno estatal como beneficio directo para la Secci\u00f3n 22, la gremial aclar\u00f3 que aunque fue un compromiso del 2024 tampoco se ha entregado en tiempo y forma.<\/p>\n\n\n\n<p>A LA ESPERA<\/p>\n\n\n\n<p>El pasado 29 de octubre, el gobierno estatal inform\u00f3 que tras la gesti\u00f3n del gobernador Salom\u00f3n Jara, la SEP \u00abse comprometi\u00f3 a autorizar las recategorizaciones de las y los 103 directores a supervisores y 28 supervisores a jefes de sector\u00bb, quienes por casi un mes mantuvieron su plant\u00f3n en el corredor del Palacio de Gobierno, adem\u00e1s de efectuar varios bloqueos.<\/p>\n\n\n\n<p>&nbsp;\u00abEste acuerdo tendr\u00e1 efectos a partir del 1 de enero de 2026, con pago en la primera quincena de enero 2026\u00bb, aclar\u00f3 el Instituto Estatal de Educaci\u00f3n P\u00fablica de Oaxaca (IEEPO), al considerar que ya no hab\u00eda raz\u00f3n para manifestarse.&nbsp;<\/p>\n\n\n\n<p>Ese d\u00eda, el contingente encabezado por el profesor Erangelio Mendoza se retir\u00f3 en espera del cumplimiento de la promesa.<\/p>\n","protected":false},"excerpt":{"rendered":"<p>Lisbeth Mej\u00eda Reyes\/Zona Roja. Oaxaca, Oax., a 5 de noviembre de 2025.- La Secci\u00f3n 22&hellip;<\/p>\n","protected":false},"author":2,"featured_media":79781,"comment_status":"closed","ping_status":"open","sticky":false,"template":"","format":"standard","meta":{"_lmt_disableupdate":"","_lmt_disable":"","_jetpack_memberships_contains_paid_content":false,"footnotes":""},"categories":[109,47],"tags":[312],"class_list":["post-86554","post","type-post","status-publish","format-standard","has-post-thumbnail","hentry","category-minuto-a-minuto","category-zona-gris","tag-seccion-22-del-snte"],"jetpack_featured_media_url":"https:\/\/zonaroja.com.mx\/wp-content\/uploads\/2025\/04\/SNTe-Seccion-22-del-SNTE.jpg","jetpack_sharing_enabled":true,"_links":{"self":[{"href":"https:\/\/zonaroja.com.mx\/index.php?rest_route=\/wp\/v2\/posts\/86554","targetHints":{"allow":["GET"]}}],"collection":[{"href":"https:\/\/zonaroja.com.mx\/index.php?rest_route=\/wp\/v2\/posts"}],"about":[{"href":"https:\/\/zonaroja.com.mx\/index.php?rest_route=\/wp\/v2\/types\/post"}],"author":[{"embeddable":true,"href":"https:\/\/zonaroja.com.mx\/index.php?rest_route=\/wp\/v2\/users\/2"}],"replies":[{"embeddable":true,"href":"https:\/\/zonaroja.com.mx\/index.php?rest_route=%2Fwp%2Fv2%2Fcomments&post=86554"}],"version-history":[{"count":1,"href":"https:\/\/zonaroja.com.mx\/index.php?rest_route=\/wp\/v2\/posts\/86554\/revisions"}],"predecessor-version":[{"id":86555,"href":"https:\/\/zonaroja.com.mx\/index.php?rest_route=\/wp\/v2\/posts\/86554\/revisions\/86555"}],"wp:featuredmedia":[{"embeddable":true,"href":"https:\/\/zonaroja.com.mx\/index.php?rest_route=\/wp\/v2\/media\/79781"}],"wp:attachment":[{"href":"https:\/\/zonaroja.com.mx\/index.php?rest_route=%2Fwp%2Fv2%2Fmedia&parent=86554"}],"wp:term":[{"taxonomy":"category","embeddable":true,"href":"https:\/\/zonaroja.com.mx\/index.php?rest_route=%2Fwp%2Fv2%2Fcategories&post=86554"},{"taxonomy":"post_tag","embeddable":true,"href":"https:\/\/zonaroja.com.mx\/index.php?rest_route=%2Fwp%2Fv2%2Ftags&post=86554"}],"curies":[{"name":"wp","href":"https:\/\/api.w.org\/{rel}","templated":true}]}}