{"id":86556,"date":"2025-11-05T09:15:00","date_gmt":"2025-11-05T15:15:00","guid":{"rendered":"https:\/\/zonaroja.com.mx\/?p=86556"},"modified":"2025-11-05T07:09:02","modified_gmt":"2025-11-05T13:09:02","slug":"tras-casi-nueve-anos-de-desplazamiento-retornan-63-familias-de-zona-mixe","status":"publish","type":"post","link":"https:\/\/zonaroja.com.mx\/?p=86556","title":{"rendered":"Tras casi nueve a\u00f1os de desplazamiento, retornan 63 familias de zona Mixe"},"content":{"rendered":"\n<p>Redacci\u00f3n\/Zona Roja.&nbsp;<\/p>\n\n\n\n<p>Oaxaca, Oax., a 5 de noviembre de 2025.- En un hecho hist\u00f3rico y de justicia, el gobernador Salom\u00f3n Jara Cruz encabez\u00f3 el retorno de 63 familias a la agencia Guadalupe Victoria, del municipio San Juan Juquila Mixes, tras casi nueve a\u00f1os de desplazamiento forzado interno.&nbsp;<\/p>\n\n\n\n<p>El gobierno de Oaxaca inform\u00f3 que el proceso representa un ejemplo nacional en materia de derechos humanos y construcci\u00f3n de paz, en el que los protocolos se llevan a cabo con la participaci\u00f3n de v\u00edctimas, comunidades involucradas y sus autoridades.<\/p>\n\n\n\n<p>Desde San Juan Juquila Mixe, en la regi\u00f3n Sierra de Ju\u00e1rez, el mandatario estatal resalt\u00f3 que, ante el abandono de administraciones anteriores, su gobierno estableci\u00f3 las condiciones para el di\u00e1logo y acercamiento con las comunidades, a fin de lograr acuerdos, sin p\u00e9rdidas de vidas humanas e impulsar el desarrollo de la poblaci\u00f3n.<\/p>\n\n\n\n<p>\u201cSomos testigos de un acto hist\u00f3rico que hoy se lleva a cabo, el retorno de familias, v\u00edctimas del desplazamiento forzado interno ocurrido el 7 de enero de 2017. Est\u00e9n seguras y seguros que mi administraci\u00f3n no abandonar\u00e1 nunca a Guadalupe Victoria\u201d, resalt\u00f3 ante la presidenta honoraria del Sistema DIF Oaxaca, Irma Bola\u00f1os Quijano y representantes de los Poderes del Estado.<\/p>\n\n\n\n<p>En 2017 se vivi\u00f3 el punto m\u00e1s \u00e1lgido de violencia y abandono institucional, que deriv\u00f3 en el desplazamiento forzado masivo de familias y suspensi\u00f3n de servicios b\u00e1sicos como salud y educaci\u00f3n.&nbsp;<\/p>\n\n\n\n<p>En la actual administraci\u00f3n estatal, en marzo de 2023 inici\u00f3 el proceso de di\u00e1logo, realizando m\u00e1s de 60 encuentros con autoridades y v\u00edctimas, para alcanzar acuerdos como su retorno o reubicaci\u00f3n.<\/p>\n\n\n\n<p>Es la primera vez en el estado que un gobierno planea, dise\u00f1a y pone en marcha un proceso de construcci\u00f3n de paz y retorno asistido, digno y seguro para las familias; adem\u00e1s de la apertura para que organismos protectores de derechos humanos como el Alto Comisionado de la Naciones Unidas para los Refugiados (ACNUR) observen de cerca y en territorio las acciones efectuadas.&nbsp;<\/p>\n\n\n\n<p>El agente municipal de Guadalupe Victoria, Indulgencio Flores y el secretario comunitario, Amado Rodr\u00edguez P\u00e9rez coincidieron en que esta es una prueba de que los pueblos son escuchados y tomados en cuenta por el gobierno.<\/p>\n\n\n\n<figure class=\"wp-block-image size-full\"><img decoding=\"async\" width=\"900\" height=\"600\" src=\"https:\/\/zonaroja.com.mx\/wp-content\/uploads\/2025\/11\/Familias-en-retorno-de-Guadalupe-Victoria-reconocen-que-la-Primavera-Oaxaquena-llega-a-los-mas-vulnerables.2.jpeg\" alt=\"\" class=\"wp-image-86557\" srcset=\"https:\/\/zonaroja.com.mx\/wp-content\/uploads\/2025\/11\/Familias-en-retorno-de-Guadalupe-Victoria-reconocen-que-la-Primavera-Oaxaquena-llega-a-los-mas-vulnerables.2.jpeg 900w, https:\/\/zonaroja.com.mx\/wp-content\/uploads\/2025\/11\/Familias-en-retorno-de-Guadalupe-Victoria-reconocen-que-la-Primavera-Oaxaquena-llega-a-los-mas-vulnerables.2-300x200.jpeg 300w, https:\/\/zonaroja.com.mx\/wp-content\/uploads\/2025\/11\/Familias-en-retorno-de-Guadalupe-Victoria-reconocen-que-la-Primavera-Oaxaquena-llega-a-los-mas-vulnerables.2-768x512.jpeg 768w, https:\/\/zonaroja.com.mx\/wp-content\/uploads\/2025\/11\/Familias-en-retorno-de-Guadalupe-Victoria-reconocen-que-la-Primavera-Oaxaquena-llega-a-los-mas-vulnerables.2-585x390.jpeg 585w, https:\/\/zonaroja.com.mx\/wp-content\/uploads\/2025\/11\/Familias-en-retorno-de-Guadalupe-Victoria-reconocen-que-la-Primavera-Oaxaquena-llega-a-los-mas-vulnerables.2-263x175.jpeg 263w\" sizes=\"(max-width: 900px) 100vw, 900px\" \/><\/figure>\n\n\n\n<p>RECONOCEN ACCI\u00d3N<\/p>\n\n\n\n<p>Las familias que este martes retornaron a la agencia Guadalupe Victoria, celebraron este hecho hist\u00f3rico como un nuevo amanecer, y agradecieron al gobierno de Oaxaca, por anteponer el di\u00e1logo para restituir la paz y la gobernabilidad en esta comunidad de San Juan Juquila Mixe.<\/p>\n\n\n\n<p>\u201cHoy, despu\u00e9s de a\u00f1os de di\u00e1logo, de gestiones y de fe, 63 familias emprenden el camino de regreso a su tierra, a sus casas. Este retorno representa mucho m\u00e1s que un acto f\u00edsico, es el inicio de la reconciliaci\u00f3n, de la reconstrucci\u00f3n y de la paz. A\u00fan faltan familias por volver, pero este paso nos demuestra que el entendimiento y la voluntad pueden m\u00e1s que el conflicto y el rencor\u201d, manifestaron.<\/p>\n\n\n\n<p>En el marco de la asamblea que da fe y legalidad a este acto que marca un precedente en M\u00e9xico, las familias manifestaron que este retorno es s\u00edmbolo de esperanza para toda la regi\u00f3n, y demuestra que el gobierno llega a los m\u00e1s vulnerables, como es el caso de las v\u00edctimas de desplazamiento.&nbsp;<\/p>\n\n\n\n<p>Asimismo, exhortaron al Gobierno Federal a mantener su compromiso de garantizar la paz, la seguridad y el retorno de las familias desplazadas que a\u00fan faltan por retornar.<\/p>\n\n\n\n<p>\u201cPorque este amanecer no estar\u00e1 completo hasta que el \u00faltimo de nuestros hermanos y hermanas desplazados puedan tambi\u00e9n regresar a su hogar. No podemos hablar de retorno pleno mientras falten familias por abrazar su tierra y por reencontrarse con su historia\u201d, expresaron.<\/p>\n\n\n\n<p>INICIAN RECONSTRUCCI\u00d3N<\/p>\n\n\n\n<p>Como parte del compromiso con las familias de la agencia Guadalupe Victoria, municipio de San Juan Juquila Mixe, que este martes retornaron a su comunidad tras casi nueve a\u00f1os de ser v\u00edctimas de desplazamiento forzado interno, el gobernador Salom\u00f3n Jara Cruz encabez\u00f3 una asamblea en la que se anunciaron una serie de acciones encaminadas a la reconstrucci\u00f3n del tejido social.<\/p>\n\n\n\n<p>\u201cNos da mucho gusto que este retorno se haya hecho efectivo, ese era el prop\u00f3sito despu\u00e9s del acercamiento y di\u00e1logo que se ha tenido\u201d, dijo, al tiempo de se\u00f1alar que estos apoyos dan respuestas a los acuerdos abordados en las asambleas realizadas durante m\u00e1s de dos a\u00f1os.<\/p>\n\n\n\n<p>En ese contexto, se implementaron de inmediato diversas acciones en materia de salud, educaci\u00f3n, infraestructura f\u00edsica, atenci\u00f3n a sectores vulnerables, entre otros.&nbsp;<\/p>\n\n\n\n<p>Destaca que, despu\u00e9s de ocho a\u00f1os suspendido, reanud\u00f3 el servicio educativo y para ello autoriz\u00f3 la contrataci\u00f3n de 10 docentes, as\u00ed como la dotaci\u00f3n de mobiliario, equipo tecnol\u00f3gico, escolar y de oficina para las escuelas de nivel b\u00e1sico de esta localidad.&nbsp;<\/p>\n\n\n\n<p>El Sistema DIF Oaxaca dio a conocer los programas de dotaci\u00f3n alimentaria que se brinda a ni\u00f1as, ni\u00f1os, mujeres embarazadas y personas mayores, para garantizar su desarrollo y bienestar.<\/p>\n\n\n\n<figure class=\"wp-block-embed is-type-rich is-provider-twitter wp-block-embed-twitter\"><div class=\"wp-block-embed__wrapper\">\n<div class=\"twitter-tweet\"><blockquote class=\"twitter-tweet\" data-lang=\"es\"><p lang=\"es\" dir=\"ltr\">En la zona Mixe de Oaxaca se realiza un acto hist\u00f3rico este martes. <br><br>Cerca de 200 familias desplazadas de la comunidad de Guadalupe Victoria retornan a sus comunidades, luego de ocho a\u00f1os. <br><br>El \u00e9xodo forzado deriv\u00f3 de un conflicto entre San Pedro Ocotepec y San Juan Juquila\u2026 <a href=\"https:\/\/t.co\/EavrzlC8HQ\">pic.twitter.com\/EavrzlC8HQ<\/a><\/p>&mdash; Zona Roja Oaxaca (@ZonaRoja_Oaxaca) <a href=\"https:\/\/twitter.com\/ZonaRoja_Oaxaca\/status\/1985783856364974403?ref_src=twsrc%5Etfw\">4 de noviembre de 2025<\/a><\/blockquote><\/div>\n<\/div><\/figure>\n","protected":false},"excerpt":{"rendered":"<p>Redacci\u00f3n\/Zona Roja.&nbsp; Oaxaca, Oax., a 5 de noviembre de 2025.- En un hecho hist\u00f3rico y&hellip;<\/p>\n","protected":false},"author":2,"featured_media":86558,"comment_status":"closed","ping_status":"open","sticky":false,"template":"","format":"standard","meta":{"_lmt_disableupdate":"","_lmt_disable":"","_jetpack_memberships_contains_paid_content":false,"footnotes":""},"categories":[109,47],"tags":[939,2822],"class_list":["post-86556","post","type-post","status-publish","format-standard","has-post-thumbnail","hentry","category-minuto-a-minuto","category-zona-gris","tag-salomon-jara-cruz","tag-san-juan-juquila-mixe"],"jetpack_featured_media_url":"https:\/\/zonaroja.com.mx\/wp-content\/uploads\/2025\/11\/Familias-en-retorno-de-Guadalupe-Victoria-reconocen-que-la-Primavera-Oaxaquena-llega-a-los-mas-vulnerables-4.jpeg","jetpack_sharing_enabled":true,"_links":{"self":[{"href":"https:\/\/zonaroja.com.mx\/index.php?rest_route=\/wp\/v2\/posts\/86556","targetHints":{"allow":["GET"]}}],"collection":[{"href":"https:\/\/zonaroja.com.mx\/index.php?rest_route=\/wp\/v2\/posts"}],"about":[{"href":"https:\/\/zonaroja.com.mx\/index.php?rest_route=\/wp\/v2\/types\/post"}],"author":[{"embeddable":true,"href":"https:\/\/zonaroja.com.mx\/index.php?rest_route=\/wp\/v2\/users\/2"}],"replies":[{"embeddable":true,"href":"https:\/\/zonaroja.com.mx\/index.php?rest_route=%2Fwp%2Fv2%2Fcomments&post=86556"}],"version-history":[{"count":1,"href":"https:\/\/zonaroja.com.mx\/index.php?rest_route=\/wp\/v2\/posts\/86556\/revisions"}],"predecessor-version":[{"id":86559,"href":"https:\/\/zonaroja.com.mx\/index.php?rest_route=\/wp\/v2\/posts\/86556\/revisions\/86559"}],"wp:featuredmedia":[{"embeddable":true,"href":"https:\/\/zonaroja.com.mx\/index.php?rest_route=\/wp\/v2\/media\/86558"}],"wp:attachment":[{"href":"https:\/\/zonaroja.com.mx\/index.php?rest_route=%2Fwp%2Fv2%2Fmedia&parent=86556"}],"wp:term":[{"taxonomy":"category","embeddable":true,"href":"https:\/\/zonaroja.com.mx\/index.php?rest_route=%2Fwp%2Fv2%2Fcategories&post=86556"},{"taxonomy":"post_tag","embeddable":true,"href":"https:\/\/zonaroja.com.mx\/index.php?rest_route=%2Fwp%2Fv2%2Ftags&post=86556"}],"curies":[{"name":"wp","href":"https:\/\/api.w.org\/{rel}","templated":true}]}}