{"id":8656,"date":"2020-02-11T17:41:28","date_gmt":"2020-02-11T23:41:28","guid":{"rendered":"http:\/\/www.zonaroja.com.mx\/?p=8656"},"modified":"2020-02-11T17:41:31","modified_gmt":"2020-02-11T23:41:31","slug":"tuxtepec-en-crisis-a-un-dia-de-reunion-de-gobernadores-de-oaxaca-y-veracruz","status":"publish","type":"post","link":"https:\/\/zonaroja.com.mx\/?p=8656","title":{"rendered":"Tuxtepec en crisis, a un d\u00eda de reuni\u00f3n de gobernadores de Oaxaca y Veracruz"},"content":{"rendered":"\n<p>Yuridiana Sosa\/Zona Roja.<\/p>\n\n\n\n<p>San Juan Bautista Tuxtepec, Oax., 11 de\nfebrero de 2020.- A un d\u00eda de la reuni\u00f3n de alto nivel entre los gobernadores\nde Oaxaca y Veracruz en Tuxtepec, as\u00ed como la presencia del titular de la\nSecretar\u00eda de Seguridad y Protecci\u00f3n Ciudadana, esta ciudad de la Cuenca\nenfrenta una crisis social.<\/p>\n\n\n\n<p>Por segundo d\u00eda consecutivo, el Comit\u00e9\nde Defensa Ciudadana de Asistencia Rural (Codeci AR) se moviliz\u00f3 con bloqueo y\ntoma de oficias de gobierno, para exigir al edil Fernando Bautista D\u00e1vila el\ncumplimiento de programas sociales.<\/p>\n\n\n\n<p>Este martes, decenas de integrantes del\nComit\u00e9 de Defensa arribaron a la caseta de peaje \u201cCaracol\u201d en los l\u00edmites de\nOaxaca con Veracruz, en jurisdicci\u00f3n de Tuxtepec, para cerrar el paso\nvehicular; sentenciaron adem\u00e1s con cerrar el acceso sobre la carretera federal\n145, en la comunidad de Papaloapan, Tuxtepec.<\/p>\n\n\n\n<p>La inconformidad se intensific\u00f3 tras un\ndi\u00e1logo sin respuestas favorables para la organizaci\u00f3n por parte de las\nautoridades municipales para entregar recursos del programa de viviendas, entre\notras peticiones relacionadas a obras de servicios b\u00e1sicos, realizado este 10\nde febrero.<\/p>\n\n\n\n<p>En su primera manifestaci\u00f3n, los\ninconformes se apoderaron de las instalaciones del Palacio Municipal por cerca\nde ocho horas, lapso en la que se llev\u00f3 a cabo la mesa de di\u00e1logo y en la que\nel edil Fernando Bautista D\u00e1vila sentenci\u00f3 que de no tramitar cada persona la\nsolicitud de apoyo, no entregar\u00e1 recursos en conjunto.<\/p>\n\n\n\n<p>Ante la posibilidad del arribo una vez\nm\u00e1s de los integrantes de Codeci A.R. a Palacio Municipal los trabajadores de\nconfianza y sindicalizado desalojaron las instalaciones poco despu\u00e9s de las 09:00\nhoras y evitar quedar retenidos. Pero no llegaron los manifestantes.<\/p>\n\n\n\n<p>Para este martes, Codeci A.R. extendi\u00f3\nsu protesta a las oficinas de la Secretar\u00eda de Movilidad, en el fraccionamiento\nCosta Verde, para hacer presi\u00f3n con las autoridades estatales.<\/p>\n\n\n\n<p>En tanto, en Tuxtepec contin\u00faan los\npreparativos para una reuni\u00f3n que sostendr\u00e1n el gobernador Alejandro Murat y su\nhom\u00f3logo de Veracruz, el morenista Cuitl\u00e1huac Garc\u00eda, adem\u00e1s del secretario de\nSeguridad federal, Alfonso Durazo.<\/p>\n","protected":false},"excerpt":{"rendered":"<p>Yuridiana Sosa\/Zona Roja. San Juan Bautista Tuxtepec, Oax., 11 de febrero de 2020.- A un&hellip;<\/p>\n","protected":false},"author":2,"featured_media":8657,"comment_status":"closed","ping_status":"open","sticky":false,"template":"","format":"standard","meta":{"_lmt_disableupdate":"","_lmt_disable":"","_jetpack_memberships_contains_paid_content":false,"footnotes":""},"categories":[109,47],"tags":[118],"class_list":["post-8656","post","type-post","status-publish","format-standard","has-post-thumbnail","hentry","category-minuto-a-minuto","category-zona-gris","tag-san-juan-bautista-tuxtepec"],"jetpack_featured_media_url":"https:\/\/zonaroja.com.mx\/wp-content\/uploads\/2020\/02\/Codeci-AR.jpg","jetpack_sharing_enabled":true,"_links":{"self":[{"href":"https:\/\/zonaroja.com.mx\/index.php?rest_route=\/wp\/v2\/posts\/8656","targetHints":{"allow":["GET"]}}],"collection":[{"href":"https:\/\/zonaroja.com.mx\/index.php?rest_route=\/wp\/v2\/posts"}],"about":[{"href":"https:\/\/zonaroja.com.mx\/index.php?rest_route=\/wp\/v2\/types\/post"}],"author":[{"embeddable":true,"href":"https:\/\/zonaroja.com.mx\/index.php?rest_route=\/wp\/v2\/users\/2"}],"replies":[{"embeddable":true,"href":"https:\/\/zonaroja.com.mx\/index.php?rest_route=%2Fwp%2Fv2%2Fcomments&post=8656"}],"version-history":[{"count":1,"href":"https:\/\/zonaroja.com.mx\/index.php?rest_route=\/wp\/v2\/posts\/8656\/revisions"}],"predecessor-version":[{"id":8658,"href":"https:\/\/zonaroja.com.mx\/index.php?rest_route=\/wp\/v2\/posts\/8656\/revisions\/8658"}],"wp:featuredmedia":[{"embeddable":true,"href":"https:\/\/zonaroja.com.mx\/index.php?rest_route=\/wp\/v2\/media\/8657"}],"wp:attachment":[{"href":"https:\/\/zonaroja.com.mx\/index.php?rest_route=%2Fwp%2Fv2%2Fmedia&parent=8656"}],"wp:term":[{"taxonomy":"category","embeddable":true,"href":"https:\/\/zonaroja.com.mx\/index.php?rest_route=%2Fwp%2Fv2%2Fcategories&post=8656"},{"taxonomy":"post_tag","embeddable":true,"href":"https:\/\/zonaroja.com.mx\/index.php?rest_route=%2Fwp%2Fv2%2Ftags&post=8656"}],"curies":[{"name":"wp","href":"https:\/\/api.w.org\/{rel}","templated":true}]}}