{"id":86560,"date":"2025-11-05T10:15:00","date_gmt":"2025-11-05T16:15:00","guid":{"rendered":"https:\/\/zonaroja.com.mx\/?p=86560"},"modified":"2025-11-05T07:46:07","modified_gmt":"2025-11-05T13:46:07","slug":"tras-fiestas-de-muertos-retoman-analisis-para-regular-calendas-en-oaxaca","status":"publish","type":"post","link":"https:\/\/zonaroja.com.mx\/?p=86560","title":{"rendered":"Tras fiestas de Muertos, retoman an\u00e1lisis para regular calendas en Oaxaca"},"content":{"rendered":"\n<p>Lisbeth Mej\u00eda Reyes\/Zona Roja.<\/p>\n\n\n\n<p>Oaxaca, Oax., a 5 de noviembre de 2025.- El presidente municipal de Oaxaca de Ju\u00e1rez, Raymundo Chagoya Villanueva, destac\u00f3 que en la reciente temporada de D\u00eda de Muertos hubo un trabajo coordinado de la administraci\u00f3n municipal para garantizar la limpieza, seguridad y atenci\u00f3n a la poblaci\u00f3n y visitantes.&nbsp;<\/p>\n\n\n\n<p>Aunque tambi\u00e9n reconoci\u00f3 que a ra\u00edz de las m\u00faltiples comparsas de la temporada hubo afectaciones, pero que se avanza en la reglamentaci\u00f3n de estos recorridos de celebraci\u00f3n y de otros como las calendas.<\/p>\n\n\n\n<p>\u00abSomos conscientes de las molestias que causaron las m\u00faltiples comparsas, somos conscientes del tema de calendas que es una agenda pendiente, que seguimos trabajando en esto\u00bb, explic\u00f3 el edil durante la sesi\u00f3n ordinaria de Cabildo de este martes.<\/p>\n\n\n\n<p>Adem\u00e1s de las afectaciones viales, se\u00f1al\u00f3 que se analiza el uso de pirotecnia o el consumo de bebidas alcoh\u00f3licas en este tipo de recorridos (calendas, comparsas y recorridos similares), de los cuales anteriormente ha se\u00f1alado que al a\u00f1o se realizan al menos 550.<\/p>\n\n\n\n<p>\u00abDebemos avanzar en esto con mucha sensibilidad y que sepan que estamos justamente trabajando en este reglamento calendas y que lo seguiremos haciendo porque es muy importante regularlo a\u00fan m\u00e1s con el fin de preservar nuestras tradiciones\u00bb, apunt\u00f3.<\/p>\n\n\n\n<p>MUCHA BASURA<\/p>\n\n\n\n<p>Por las festividades de D\u00eda de Muertos y la afluencia de aproximadamente 87 mil turistas a la capital oaxaque\u00f1a, el presidente inform\u00f3 que se recolectaron 800 toneladas extras de desechos.<\/p>\n\n\n\n<p>En estas labores reconoci\u00f3 la participaci\u00f3n del personal de los servicios municipales, adem\u00e1s de las y los empleados de confianza que se sumaron para mantener limpia la ciudad.&nbsp;<\/p>\n\n\n\n<p>De estos \u00faltimos, expuso que hubo cuatro turnos diarios con la participaci\u00f3n de 63 empleados de confianza en cada uno para apoyar en la limpieza, as\u00ed como en la atenci\u00f3n a visitantes y en la promoci\u00f3n de las actividades organizadas por el ayuntamiento y el gobierno estatal.<\/p>\n\n\n\n<figure class=\"wp-block-embed is-type-rich is-provider-twitter wp-block-embed-twitter\"><div class=\"wp-block-embed__wrapper\">\n<div class=\"twitter-tweet\"><blockquote class=\"twitter-tweet\" data-lang=\"es\"><p lang=\"es\" dir=\"ltr\">En la sesi\u00f3n ordinaria de Cabildo del <a href=\"https:\/\/twitter.com\/MunicipioOaxaca?ref_src=twsrc%5Etfw\">@MunicipioOaxaca<\/a>, el primer concejal <a href=\"https:\/\/twitter.com\/raychagoya?ref_src=twsrc%5Etfw\">@raychagoya<\/a> destac\u00f3 el orden y la organizaci\u00f3n institucional en la realizaci\u00f3n de diversas actividades con motivo del D\u00eda de Muertos. <br><br>Reconoci\u00f3 que las calendas causaron algunas molestias pero, tras las\u2026 <a href=\"https:\/\/t.co\/aAWUfPBYX4\">pic.twitter.com\/aAWUfPBYX4<\/a><\/p>&mdash; Zona Roja Oaxaca (@ZonaRoja_Oaxaca) <a href=\"https:\/\/twitter.com\/ZonaRoja_Oaxaca\/status\/1985777945001042163?ref_src=twsrc%5Etfw\">4 de noviembre de 2025<\/a><\/blockquote><\/div>\n<\/div><\/figure>\n","protected":false},"excerpt":{"rendered":"<p>Lisbeth Mej\u00eda Reyes\/Zona Roja. Oaxaca, Oax., a 5 de noviembre de 2025.- El presidente municipal&hellip;<\/p>\n","protected":false},"author":2,"featured_media":86561,"comment_status":"closed","ping_status":"open","sticky":false,"template":"","format":"standard","meta":{"_lmt_disableupdate":"","_lmt_disable":"","_jetpack_memberships_contains_paid_content":false,"footnotes":""},"categories":[109,46],"tags":[148,4403],"class_list":["post-86560","post","type-post","status-publish","format-standard","has-post-thumbnail","hentry","category-minuto-a-minuto","category-zona-blanca","tag-oaxaca-de-juarez","tag-ray-chagoya"],"jetpack_featured_media_url":"https:\/\/zonaroja.com.mx\/wp-content\/uploads\/2025\/11\/Sesion-de-Cabildo-Oaxaca-de-Juarez.jpeg","jetpack_sharing_enabled":true,"_links":{"self":[{"href":"https:\/\/zonaroja.com.mx\/index.php?rest_route=\/wp\/v2\/posts\/86560","targetHints":{"allow":["GET"]}}],"collection":[{"href":"https:\/\/zonaroja.com.mx\/index.php?rest_route=\/wp\/v2\/posts"}],"about":[{"href":"https:\/\/zonaroja.com.mx\/index.php?rest_route=\/wp\/v2\/types\/post"}],"author":[{"embeddable":true,"href":"https:\/\/zonaroja.com.mx\/index.php?rest_route=\/wp\/v2\/users\/2"}],"replies":[{"embeddable":true,"href":"https:\/\/zonaroja.com.mx\/index.php?rest_route=%2Fwp%2Fv2%2Fcomments&post=86560"}],"version-history":[{"count":1,"href":"https:\/\/zonaroja.com.mx\/index.php?rest_route=\/wp\/v2\/posts\/86560\/revisions"}],"predecessor-version":[{"id":86562,"href":"https:\/\/zonaroja.com.mx\/index.php?rest_route=\/wp\/v2\/posts\/86560\/revisions\/86562"}],"wp:featuredmedia":[{"embeddable":true,"href":"https:\/\/zonaroja.com.mx\/index.php?rest_route=\/wp\/v2\/media\/86561"}],"wp:attachment":[{"href":"https:\/\/zonaroja.com.mx\/index.php?rest_route=%2Fwp%2Fv2%2Fmedia&parent=86560"}],"wp:term":[{"taxonomy":"category","embeddable":true,"href":"https:\/\/zonaroja.com.mx\/index.php?rest_route=%2Fwp%2Fv2%2Fcategories&post=86560"},{"taxonomy":"post_tag","embeddable":true,"href":"https:\/\/zonaroja.com.mx\/index.php?rest_route=%2Fwp%2Fv2%2Ftags&post=86560"}],"curies":[{"name":"wp","href":"https:\/\/api.w.org\/{rel}","templated":true}]}}