{"id":86563,"date":"2025-11-05T11:46:00","date_gmt":"2025-11-05T17:46:00","guid":{"rendered":"https:\/\/zonaroja.com.mx\/?p=86563"},"modified":"2025-11-05T07:51:01","modified_gmt":"2025-11-05T13:51:01","slug":"lucha-anticorrupcion-requiere-voluntad-politica-y-cooperacion-internacional","status":"publish","type":"post","link":"https:\/\/zonaroja.com.mx\/?p=86563","title":{"rendered":"Lucha anticorrupci\u00f3n requiere voluntad pol\u00edtica y cooperaci\u00f3n internacional"},"content":{"rendered":"\n<p>Redacci\u00f3n\/Zona Roja.<\/p>\n\n\n\n<p>Oaxaca, Oax., a 5 de noviembre de 2025.- La titular de la Fiscal\u00eda Especializada en Materia de Combate a la Corrupci\u00f3n (FEMCCO),&nbsp;Karina Reyes \u00c1vila, asisti\u00f3 a&nbsp;la&nbsp;VIII Convenci\u00f3n Nacional de Fiscales Anticorrupci\u00f3n&nbsp;(CONAFA), celebrada los d\u00edas 30 y 31 de octubre&nbsp;en el estado de Guanajuato.<\/p>\n\n\n\n<p>En el encuentro participaron&nbsp;25 fiscales especializados&nbsp;de las entidades federativas, as\u00ed como representantes de organismos internacionales, legisladores y expertos en integridad institucional.<\/p>\n\n\n\n<p>Durante el encuentro, manifest\u00f3&nbsp;la importancia de la cooperaci\u00f3n t\u00e9cnica entre entidades federativas y organismos multilaterales&nbsp;en la&nbsp;lucha contra la corrupci\u00f3n&nbsp;ya que es una materia que&nbsp;exige no solo voluntad pol\u00edtica, sino tambi\u00e9n&nbsp;cooperaci\u00f3n interinstitucional y&nbsp;capacidades institucionales alineadas con los principios del Estado de Derecho y la Convenci\u00f3n de Naciones Unidas contra la Corrupci\u00f3n.<\/p>\n\n\n\n<p>El encuentro fue inaugurado por el&nbsp;fiscal General,&nbsp;Gerardo V\u00e1zquez Alatriste, quien subray\u00f3: \u201choy nos convoca una causa com\u00fan que trasciende fronteras pol\u00edticas y administrativas: el compromiso inquebrantable con la integridad p\u00fablica y la lucha frontal contra la corrupci\u00f3n\u201d.<\/p>\n\n\n\n<p>Durante la convenci\u00f3n, se abordaron temas clave como como autonom\u00eda y fortalecimiento de las fiscal\u00edas anticorrupci\u00f3n, incluyendo propuestas legislativas para ampliar sus facultades, judicializaci\u00f3n efectiva de casos&nbsp;y cooperaci\u00f3n internacional, con la participaci\u00f3n de ponentes como el&nbsp;Coronel&nbsp;Paolo&nbsp;Brucato&nbsp;de la Guardia di Finanza Italiana.<\/p>\n\n\n\n<p>Tambi\u00e9n se cont\u00f3 con la presencia de legisladores&nbsp;federales&nbsp;quienes reiteraron el compromiso del Congreso con el fortalecimiento del marco legal anticorrupci\u00f3n.&nbsp;<\/p>\n\n\n\n<p>La convenci\u00f3n concluy\u00f3 con el reconocimiento a las fiscal\u00edas que han logrado avances significativos en procesos y resultados, seg\u00fan el Observatorio Ciudadano Anticorrupci\u00f3n.&nbsp;<\/p>\n","protected":false},"excerpt":{"rendered":"<p>Redacci\u00f3n\/Zona Roja. Oaxaca, Oax., a 5 de noviembre de 2025.- La titular de la Fiscal\u00eda&hellip;<\/p>\n","protected":false},"author":2,"featured_media":86564,"comment_status":"closed","ping_status":"open","sticky":false,"template":"","format":"standard","meta":{"_lmt_disableupdate":"","_lmt_disable":"","_jetpack_memberships_contains_paid_content":false,"footnotes":""},"categories":[109,46],"tags":[4513],"class_list":["post-86563","post","type-post","status-publish","format-standard","has-post-thumbnail","hentry","category-minuto-a-minuto","category-zona-blanca","tag-karina-reyes-avila"],"jetpack_featured_media_url":"https:\/\/zonaroja.com.mx\/wp-content\/uploads\/2025\/11\/Fiscalia-Anticorrupcion-Oaxaca.jpg","jetpack_sharing_enabled":true,"_links":{"self":[{"href":"https:\/\/zonaroja.com.mx\/index.php?rest_route=\/wp\/v2\/posts\/86563","targetHints":{"allow":["GET"]}}],"collection":[{"href":"https:\/\/zonaroja.com.mx\/index.php?rest_route=\/wp\/v2\/posts"}],"about":[{"href":"https:\/\/zonaroja.com.mx\/index.php?rest_route=\/wp\/v2\/types\/post"}],"author":[{"embeddable":true,"href":"https:\/\/zonaroja.com.mx\/index.php?rest_route=\/wp\/v2\/users\/2"}],"replies":[{"embeddable":true,"href":"https:\/\/zonaroja.com.mx\/index.php?rest_route=%2Fwp%2Fv2%2Fcomments&post=86563"}],"version-history":[{"count":1,"href":"https:\/\/zonaroja.com.mx\/index.php?rest_route=\/wp\/v2\/posts\/86563\/revisions"}],"predecessor-version":[{"id":86565,"href":"https:\/\/zonaroja.com.mx\/index.php?rest_route=\/wp\/v2\/posts\/86563\/revisions\/86565"}],"wp:featuredmedia":[{"embeddable":true,"href":"https:\/\/zonaroja.com.mx\/index.php?rest_route=\/wp\/v2\/media\/86564"}],"wp:attachment":[{"href":"https:\/\/zonaroja.com.mx\/index.php?rest_route=%2Fwp%2Fv2%2Fmedia&parent=86563"}],"wp:term":[{"taxonomy":"category","embeddable":true,"href":"https:\/\/zonaroja.com.mx\/index.php?rest_route=%2Fwp%2Fv2%2Fcategories&post=86563"},{"taxonomy":"post_tag","embeddable":true,"href":"https:\/\/zonaroja.com.mx\/index.php?rest_route=%2Fwp%2Fv2%2Ftags&post=86563"}],"curies":[{"name":"wp","href":"https:\/\/api.w.org\/{rel}","templated":true}]}}