{"id":86566,"date":"2025-11-05T11:15:00","date_gmt":"2025-11-05T17:15:00","guid":{"rendered":"https:\/\/zonaroja.com.mx\/?p=86566"},"modified":"2025-11-05T07:55:43","modified_gmt":"2025-11-05T13:55:43","slug":"claudia-sheinbaum-presenta-plan-michoacan-por-la-paz-y-la-justicia","status":"publish","type":"post","link":"https:\/\/zonaroja.com.mx\/?p=86566","title":{"rendered":"Claudia Sheinbaum presenta Plan Michoac\u00e1n por la Paz y la Justicia"},"content":{"rendered":"\n<p>Redacci\u00f3n\/Zona Roja Cdmx.<\/p>\n\n\n\n<p>(Informaci\u00f3n de \u201cEl Financiero\u201d)<\/p>\n\n\n\n<p>Ciudad de M\u00e9xico, a 5 de noviembre de 2025.- La presidenta Claudia Sheinbaum, tras el asesinato del alcalde de Uruapan, Carlos Manzo, anunci\u00f3 el Plan Michoac\u00e1n por la Paz y la Justicia, el cual, dijo, deber\u00e1 contener al menos tres ejes: seguridad y justicia; desarrollo econ\u00f3mico con justicia; educaci\u00f3n y cultura para la paz.<\/p>\n\n\n\n<p>En la conferencia matutina, la mandataria acot\u00f3 que \u00e9sta es una estrategia integral que parte de \u201cuna convicci\u00f3n profunda\u201d y asegur\u00f3 que \u201cla seguridad no se sostiene con guerras, sino con justicia, con desarrollo y con respeto a la vida\u201d.<\/p>\n\n\n\n<p>Sheinbaum, quien inform\u00f3 que el lunes pasado envi\u00f3 elementos de la Guardia Nacional a Uruapan, explic\u00f3 que los integrantes de su gabinete se dividir\u00e1n y escuchar\u00e1n esta semana a las comunidades, a las autoridades tradicionales, a las iglesias y a los sectores productivos y sociales, con el objetivo de fortalecer el plan y presentarlo a m\u00e1s tardar este fin de semana o a principios de la pr\u00f3xima semana con acciones concretas.<\/p>\n\n\n\n<p>Puso \u00e9nfasis en que, contrario a quienes han levantado campa\u00f1as y \u201ca quienes en realidad no les importa ni lo que pase en Michoac\u00e1n, ni el dolor que causa la violencia\u201d, su gobierno no hace uso pol\u00edtico del sufrimiento, sino que act\u00faa con responsabilidad, con justicia y con respeto a la gente.<\/p>\n\n\n\n<p>La presidenta puntualiz\u00f3 que, en t\u00e9rminos de seguridad y justicia, su gobierno buscar\u00e1 el fortalecimiento de la presencia de fuerzas federales en Michoac\u00e1n, no solamente con la Guardia Nacional, sino en unidades conjuntas entre la Secretar\u00eda de Seguridad y Protecci\u00f3n Ciudadana, seguridad estatal y fiscal\u00eda estatal, enfocada principalmente en homicidios y extorsi\u00f3n.<\/p>\n\n\n\n<p>Propuso al Congreso y al fiscal de Michoac\u00e1n buscar el fortalecimiento de la fiscal\u00eda estatal, a partir de la constituci\u00f3n de una fiscal\u00eda especializada de investigaci\u00f3n e inteligencia en delitos de alto impacto.<\/p>\n\n\n\n<p>Adem\u00e1s, plante\u00f3 instalar una oficina de la Presidencia de la Rep\u00fablica en distintos municipios de Michoac\u00e1n, particularmente en Uruapan; establecer mesas de di\u00e1logo quincenales con el gabinete de seguridad; constituir un sistema de alerta para los presidentes municipales, e impulsar el fortalecimiento de la denuncia an\u00f3nima a las v\u00edctimas de extorsi\u00f3n.<\/p>\n\n\n\n<p>En materia econ\u00f3mica, propuso garantizar la seguridad social y salarios dignos a jornaleros agr\u00edcolas.<\/p>\n\n\n\n<p>Por la tarde, encabez\u00f3 en Palacio Nacional una reuni\u00f3n con los integrantes de su gabinete, tanto legal como ampliado, para coordinar la organizaci\u00f3n de consultas sobre el Plan Michoac\u00e1n.<\/p>\n","protected":false},"excerpt":{"rendered":"<p>Redacci\u00f3n\/Zona Roja Cdmx. (Informaci\u00f3n de \u201cEl Financiero\u201d) Ciudad de M\u00e9xico, a 5 de noviembre de&hellip;<\/p>\n","protected":false},"author":2,"featured_media":81663,"comment_status":"closed","ping_status":"open","sticky":false,"template":"","format":"standard","meta":{"_lmt_disableupdate":"","_lmt_disable":"","_jetpack_memberships_contains_paid_content":false,"footnotes":""},"categories":[109,46],"tags":[3370],"class_list":["post-86566","post","type-post","status-publish","format-standard","has-post-thumbnail","hentry","category-minuto-a-minuto","category-zona-blanca","tag-claudia-sheinbaum"],"jetpack_featured_media_url":"https:\/\/zonaroja.com.mx\/wp-content\/uploads\/2025\/06\/Claudia-Sheinbaum-conferencia.jpg","jetpack_sharing_enabled":true,"_links":{"self":[{"href":"https:\/\/zonaroja.com.mx\/index.php?rest_route=\/wp\/v2\/posts\/86566","targetHints":{"allow":["GET"]}}],"collection":[{"href":"https:\/\/zonaroja.com.mx\/index.php?rest_route=\/wp\/v2\/posts"}],"about":[{"href":"https:\/\/zonaroja.com.mx\/index.php?rest_route=\/wp\/v2\/types\/post"}],"author":[{"embeddable":true,"href":"https:\/\/zonaroja.com.mx\/index.php?rest_route=\/wp\/v2\/users\/2"}],"replies":[{"embeddable":true,"href":"https:\/\/zonaroja.com.mx\/index.php?rest_route=%2Fwp%2Fv2%2Fcomments&post=86566"}],"version-history":[{"count":1,"href":"https:\/\/zonaroja.com.mx\/index.php?rest_route=\/wp\/v2\/posts\/86566\/revisions"}],"predecessor-version":[{"id":86567,"href":"https:\/\/zonaroja.com.mx\/index.php?rest_route=\/wp\/v2\/posts\/86566\/revisions\/86567"}],"wp:featuredmedia":[{"embeddable":true,"href":"https:\/\/zonaroja.com.mx\/index.php?rest_route=\/wp\/v2\/media\/81663"}],"wp:attachment":[{"href":"https:\/\/zonaroja.com.mx\/index.php?rest_route=%2Fwp%2Fv2%2Fmedia&parent=86566"}],"wp:term":[{"taxonomy":"category","embeddable":true,"href":"https:\/\/zonaroja.com.mx\/index.php?rest_route=%2Fwp%2Fv2%2Fcategories&post=86566"},{"taxonomy":"post_tag","embeddable":true,"href":"https:\/\/zonaroja.com.mx\/index.php?rest_route=%2Fwp%2Fv2%2Ftags&post=86566"}],"curies":[{"name":"wp","href":"https:\/\/api.w.org\/{rel}","templated":true}]}}