{"id":86568,"date":"2025-11-05T13:02:00","date_gmt":"2025-11-05T19:02:00","guid":{"rendered":"https:\/\/zonaroja.com.mx\/?p=86568"},"modified":"2025-11-05T08:05:57","modified_gmt":"2025-11-05T14:05:57","slug":"opinion-tambien-oaxaca","status":"publish","type":"post","link":"https:\/\/zonaroja.com.mx\/?p=86568","title":{"rendered":"Opini\u00f3n. Tambi\u00e9n Oaxaca"},"content":{"rendered":"\n<p>Isidoro Yescas*<\/p>\n\n\n\n<p>El 15 de octubre del 2024 fue asesinado en su domicilio el presidente municipal de Candelaria Loxicha, Rom\u00e1n Ruiz&nbsp;Boh\u00f3quez. En mayo del 2025 cay\u00f3 abatido en una emboscada Mario Hern\u00e1ndez Garc\u00eda, presidente municipal de Santiago&nbsp;Amoltepec.<\/p>\n\n\n\n<p>Un mes despu\u00e9s, fue&nbsp;asesinada &nbsp;la&nbsp;presidenta municipal de San Mateo Pi\u00f1as, Lilia Gema Garc\u00eda Soto, dentro del palacio municipal de la comunidad.&nbsp;<\/p>\n\n\n\n<p>En todos los casos el gobernador de Oaxaca, Salom\u00f3n Jara, prometi\u00f3 que no habr\u00eda impunidad y que los responsables ser\u00edan detenidos.<\/p>\n\n\n\n<p>Hoy, no solamente persiste la impunidad con este y otros asesinatos de autoridades municipales, l\u00edderes sociales, defensores de la&nbsp;tierra,&nbsp;etc., sino que&nbsp;la violencia pol\u00edtica-criminal sigue en ascenso.&nbsp;<\/p>\n\n\n\n<p>Seg\u00fan Data C\u00edvica, solamente en lo que corresponde al 2025 en Oaxaca se han registrado 32 hechos de violencia asociados a la presencia del crimen organizado y la fragilidad institucional.&nbsp;<\/p>\n\n\n\n<p>Se ubica as\u00ed\u00a0no como la quinta entidad\u00a0mas\u00a0segura\u00a0de M\u00e9xico, sino\u00a0como la quinta m\u00e1s violenta, antecedida de Guanajuato,\u00a0Guerrero,Sinaloa\u00a0y Veracruz. Y faltan tres a\u00f1os.\u00a0<\/p>\n\n\n\n<p>Sin embargo,&nbsp;si en&nbsp;Michoac\u00e1n el&nbsp;clamor popular es revocaci\u00f3n para el gobernador&nbsp;Alfredo&nbsp;Ram\u00edrez Bedolla, en nuestra entidad ya el proceso&nbsp;revocatorio&nbsp;se ha iniciado en medio de un sinf\u00edn de presiones y trampas t\u00e9cnicas y procedimentales establecidas en&nbsp;la misma Ley de Revocaci\u00f3n de Mandato.<\/p>\n\n\n\n<p>Con todo,&nbsp;lo&nbsp;que&nbsp;ya se puede anticipar es que habr\u00e1 consulta para enero o febrero del 2026 porque desde el mismo aparato gubernamental existe el inter\u00e9s que se lleve a cabo, confiado como est\u00e1 la autocracia&nbsp;jarista&nbsp;que hay rato para la Primavera Oaxaque\u00f1a.&nbsp;<\/p>\n\n\n\n<p>De ah\u00ed que se presione a&nbsp;trabajadores de los tres&nbsp;poderes&nbsp;y&nbsp;autoridades municipales para que recolecten firmas. Y esa misma ruta seguir\u00e1n para el momento de la consulta.&nbsp;<\/p>\n\n\n\n<p>No obstante, hoy existe un nuevo factor para concientizar y&nbsp;movilizar a la sociedad&nbsp;: si no queremos que nuestra entidad se convierta en otro&nbsp;Michoac\u00e1n, que en esa ruta va, es importante oponer al poder&nbsp;coercitivo&nbsp;y econ\u00f3mico del gobierno primaveral, el poder de la organizaci\u00f3n&nbsp;y movilizaci\u00f3n ciudadana.<\/p>\n\n\n\n<p>*Maestro en Sociolog\u00eda y periodista.<\/p>\n\n\n\n<p>X: @IsidoroYescas &nbsp;&nbsp;<\/p>\n\n\n\n<p>Faceboock:&nbsp;IsidoroYescas<\/p>\n","protected":false},"excerpt":{"rendered":"<p>Isidoro Yescas* El 15 de octubre del 2024 fue asesinado en su domicilio el presidente&hellip;<\/p>\n","protected":false},"author":2,"featured_media":71623,"comment_status":"closed","ping_status":"open","sticky":false,"template":"","format":"standard","meta":{"_lmt_disableupdate":"","_lmt_disable":"","_jetpack_memberships_contains_paid_content":false,"footnotes":""},"categories":[456,109],"tags":[3998],"class_list":["post-86568","post","type-post","status-publish","format-standard","has-post-thumbnail","hentry","category-columna","category-minuto-a-minuto","tag-isidoro-yescas-martinez"],"jetpack_featured_media_url":"https:\/\/zonaroja.com.mx\/wp-content\/uploads\/2024\/08\/Opinion.-Isidoro-Yescas.jpg","jetpack_sharing_enabled":true,"_links":{"self":[{"href":"https:\/\/zonaroja.com.mx\/index.php?rest_route=\/wp\/v2\/posts\/86568","targetHints":{"allow":["GET"]}}],"collection":[{"href":"https:\/\/zonaroja.com.mx\/index.php?rest_route=\/wp\/v2\/posts"}],"about":[{"href":"https:\/\/zonaroja.com.mx\/index.php?rest_route=\/wp\/v2\/types\/post"}],"author":[{"embeddable":true,"href":"https:\/\/zonaroja.com.mx\/index.php?rest_route=\/wp\/v2\/users\/2"}],"replies":[{"embeddable":true,"href":"https:\/\/zonaroja.com.mx\/index.php?rest_route=%2Fwp%2Fv2%2Fcomments&post=86568"}],"version-history":[{"count":1,"href":"https:\/\/zonaroja.com.mx\/index.php?rest_route=\/wp\/v2\/posts\/86568\/revisions"}],"predecessor-version":[{"id":86569,"href":"https:\/\/zonaroja.com.mx\/index.php?rest_route=\/wp\/v2\/posts\/86568\/revisions\/86569"}],"wp:featuredmedia":[{"embeddable":true,"href":"https:\/\/zonaroja.com.mx\/index.php?rest_route=\/wp\/v2\/media\/71623"}],"wp:attachment":[{"href":"https:\/\/zonaroja.com.mx\/index.php?rest_route=%2Fwp%2Fv2%2Fmedia&parent=86568"}],"wp:term":[{"taxonomy":"category","embeddable":true,"href":"https:\/\/zonaroja.com.mx\/index.php?rest_route=%2Fwp%2Fv2%2Fcategories&post=86568"},{"taxonomy":"post_tag","embeddable":true,"href":"https:\/\/zonaroja.com.mx\/index.php?rest_route=%2Fwp%2Fv2%2Ftags&post=86568"}],"curies":[{"name":"wp","href":"https:\/\/api.w.org\/{rel}","templated":true}]}}