{"id":86581,"date":"2025-11-05T16:32:27","date_gmt":"2025-11-05T22:32:27","guid":{"rendered":"https:\/\/zonaroja.com.mx\/?p=86581"},"modified":"2025-11-05T16:32:30","modified_gmt":"2025-11-05T22:32:30","slug":"padre-erick-jair-denuncia-amenazas-en-su-contra-y-hostigamiento","status":"publish","type":"post","link":"https:\/\/zonaroja.com.mx\/?p=86581","title":{"rendered":"Padre \u00c9rick Jair denuncia amenazas en su contra y hostigamiento\u00a0"},"content":{"rendered":"\n<p>Lisbeth Mej\u00eda Reyes\/Zona Roja.<\/p>\n\n\n\n<p>Oaxaca, Oax., a 5 de noviembre de 2025.- Juli\u00e1n P\u00e9rez, padre del joven desaparecido \u00c9rick Jair, denunci\u00f3 que este martes fue objeto de hostigamiento policial por \u00f3rdenes del presidente municipal de San Agust\u00edn de las Juntas, Hip\u00f3lito Aquino Torres.&nbsp;<\/p>\n\n\n\n<p>Esto a ra\u00edz de que la Agencia Estatal de Investigaciones (AEI) acudi\u00f3 a la poblaci\u00f3n para detener al nieto del edil, quien finalmente se escondi\u00f3 y ya no pudo ser detenido.<\/p>\n\n\n\n<p>\u00abEntonces el presidente municipal orden\u00f3 a la polic\u00eda de San Agust\u00edn de las Juntas a que me buscaran en todo el pueblo y que me metieran a la c\u00e1rcel\u00bb, expres\u00f3 Juli\u00e1n, quien desde la desaparici\u00f3n de su hijo tambi\u00e9n ha denunciado ser objeto de amenazas de muerte en la b\u00fasqueda de justicia.<\/p>\n\n\n\n<p>\u00abEsto es una injusticia porque por el hecho de que tiene poder no puede ordenar eso, cuando hay un mandato judicial en contra de su nieto por la desaparici\u00f3n de mi hijo, \u00c9rick Jair\u00bb, explic\u00f3.<\/p>\n\n\n\n<p>El pasado 22 de octubre, la familia de \u00c9rick Jair P\u00e9rez Lim\u00f3n y el activista mixe Joaqu\u00edn Galv\u00e1n, que acompa\u00f1a el caso, solicitaron la intervenci\u00f3n de Omar Garc\u00eda Harfuch, secretario de Seguridad y Protecci\u00f3n Ciudadana federal, para colaborar en las labores de inteligencia en el caso y en las investigaciones por el probable v\u00ednculo del ayuntamiento de San Agust\u00edn de las Juntas \u00abcon grupos criminales que operan en la zona\u00bb.<\/p>\n\n\n\n<p>El defensor tambi\u00e9n se\u00f1al\u00f3 al presidente municipal de San Agust\u00edn de las Juntas, Daniel Hip\u00f3lito Aquino Torres, de proteger a uno de los agresores, sobre quien pesa una orden de aprehensi\u00f3n de \u00c9rick Jair, por lo que exhort\u00f3 a las autoridades estatales y federales a aplicar todo el peso de la ley e incluso desmantelar al cabildo.<\/p>\n\n\n\n<p>Hasta el momento, la Fiscal\u00eda General del Estado de Oaxaca ha reportado la detenci\u00f3n de tres particulares que agredieron al joven en abril, cuando este les fue entregado por polic\u00edas municipales de San Agust\u00edn, previo a la desaparici\u00f3n ocurrida en junio.&nbsp;<\/p>\n\n\n\n<p>Estos son &nbsp;E. A. M. L., alias \u201cEl Talib\u00e1n\u201d; Carlos M., empresario conocido como \u00abEl mezcalero\u00bb, y U. F. C. R., alias \u201cEl Chup\u00f3n\u201d, a quienes tambi\u00e9n se les relaciona con otros il\u00edcitos y violencia en la zona.<\/p>\n\n\n\n<p>Sin embargo, a\u00fan no se ha ejercido acci\u00f3n en contra de los elementos de seguridad de ese municipio de los valles centrales de Oaxaca.<\/p>\n\n\n\n<p>Gaspar N., principal sospechoso de la desaparici\u00f3n de \u00c9rick Jair, caso que est\u00e1 en otra carpeta de investigaci\u00f3n, tampoco ha sido detenido, ha explicado la familia.&nbsp;<\/p>\n\n\n\n<p>El se\u00f1alado se opon\u00eda a la relaci\u00f3n del joven con su hija y lo amenaz\u00f3 antes de citarlo aquel 23 de junio, d\u00eda en que ya no se supo m\u00e1s del joven de 21 a\u00f1os.<\/p>\n","protected":false},"excerpt":{"rendered":"<p>Lisbeth Mej\u00eda Reyes\/Zona Roja. Oaxaca, Oax., a 5 de noviembre de 2025.- Juli\u00e1n P\u00e9rez, padre&hellip;<\/p>\n","protected":false},"author":2,"featured_media":85107,"comment_status":"closed","ping_status":"open","sticky":false,"template":"","format":"standard","meta":{"_lmt_disableupdate":"","_lmt_disable":"","_jetpack_memberships_contains_paid_content":false,"footnotes":""},"categories":[109,47],"tags":[4465],"class_list":["post-86581","post","type-post","status-publish","format-standard","has-post-thumbnail","hentry","category-minuto-a-minuto","category-zona-gris","tag-erick-jair-perez-limon"],"jetpack_featured_media_url":"https:\/\/zonaroja.com.mx\/wp-content\/uploads\/2025\/09\/img_3639.jpg","jetpack_sharing_enabled":true,"_links":{"self":[{"href":"https:\/\/zonaroja.com.mx\/index.php?rest_route=\/wp\/v2\/posts\/86581","targetHints":{"allow":["GET"]}}],"collection":[{"href":"https:\/\/zonaroja.com.mx\/index.php?rest_route=\/wp\/v2\/posts"}],"about":[{"href":"https:\/\/zonaroja.com.mx\/index.php?rest_route=\/wp\/v2\/types\/post"}],"author":[{"embeddable":true,"href":"https:\/\/zonaroja.com.mx\/index.php?rest_route=\/wp\/v2\/users\/2"}],"replies":[{"embeddable":true,"href":"https:\/\/zonaroja.com.mx\/index.php?rest_route=%2Fwp%2Fv2%2Fcomments&post=86581"}],"version-history":[{"count":1,"href":"https:\/\/zonaroja.com.mx\/index.php?rest_route=\/wp\/v2\/posts\/86581\/revisions"}],"predecessor-version":[{"id":86582,"href":"https:\/\/zonaroja.com.mx\/index.php?rest_route=\/wp\/v2\/posts\/86581\/revisions\/86582"}],"wp:featuredmedia":[{"embeddable":true,"href":"https:\/\/zonaroja.com.mx\/index.php?rest_route=\/wp\/v2\/media\/85107"}],"wp:attachment":[{"href":"https:\/\/zonaroja.com.mx\/index.php?rest_route=%2Fwp%2Fv2%2Fmedia&parent=86581"}],"wp:term":[{"taxonomy":"category","embeddable":true,"href":"https:\/\/zonaroja.com.mx\/index.php?rest_route=%2Fwp%2Fv2%2Fcategories&post=86581"},{"taxonomy":"post_tag","embeddable":true,"href":"https:\/\/zonaroja.com.mx\/index.php?rest_route=%2Fwp%2Fv2%2Ftags&post=86581"}],"curies":[{"name":"wp","href":"https:\/\/api.w.org\/{rel}","templated":true}]}}