{"id":86583,"date":"2025-11-05T18:33:00","date_gmt":"2025-11-06T00:33:00","guid":{"rendered":"https:\/\/zonaroja.com.mx\/?p=86583"},"modified":"2025-11-05T16:34:53","modified_gmt":"2025-11-05T22:34:53","slug":"a-un-ano-del-asesinato-de-triquis-virginia-y-adriana-ortiz-acusan-impunidad","status":"publish","type":"post","link":"https:\/\/zonaroja.com.mx\/?p=86583","title":{"rendered":"A un a\u00f1o del asesinato de triquis Virginia y Adriana Ortiz, acusan impunidad"},"content":{"rendered":"\n<p>Lisbeth Mej\u00eda Reyes\/Zona Roja.<\/p>\n\n\n\n<p>Oaxaca, Oax., a 5 de noviembre de 2025.- A un a\u00f1o del asesinato de las defensoras triquis Virginia y Adriana Ortiz Garc\u00eda, el Movimiento de Unificaci\u00f3n y Lucha Triqui (MULT) denunci\u00f3 que persiste la impunidad en este y los dem\u00e1s homicidios de sus integrantes, pues las autoridades solamente est\u00e1n administrando las muertes y simulando justicia.<\/p>\n\n\n\n<p>Este mi\u00e9rcoles, tras la misa de aniversario luctuoso en el z\u00f3calo de la ciudad de Oaxaca, la organizaci\u00f3n reiter\u00f3 su exigencia de justicia por las hermanas Adriana y Virginia, privadas de la vida la noche del 5 de noviembre de 2024, en la colonia Francisco I. Madero, ciudad de Oaxaca. Tambi\u00e9n demand\u00f3 justicia para las dem\u00e1s v\u00edctimas del MULT desaparecidas o asesinadas, as\u00ed como para quienes han sobrevivido a las agresiones.<\/p>\n\n\n\n<p>\u00abHoy denunciamos con dolor y rabia que la impunidad sigue reinando, no hay responsables materiales ni intelectuales detenidos, no hay verdad, no hay justicia, no hay garant\u00edas de no repetici\u00f3n. Lo \u00fanico que ha avanzado es la administraci\u00f3n de las muertes,\u00bb, expres\u00f3 Octavio de Jes\u00fas D\u00edaz, coordinador de la dirigencia del MULT, sobre los casos de Virginia y Adriana.<\/p>\n\n\n\n<p>Emelia Ortiz record\u00f3 que en el primer mes del asesinato de sus hermanas fue detenido un polic\u00eda estatal en activo implicados en el homicidio. Pero \u00abhasta el d\u00eda de hoy no hay m\u00e1s investigaci\u00f3n, m\u00e1s que ese se\u00f1or que est\u00e1 detenido. Nos preocupa porque se supone que tiene que dar seguridad a la ciudadan\u00eda y sin embargo hace ese acto de barbarie donde asesinan a los luchadores sociales y por eso como organizaci\u00f3n\u00bb.<\/p>\n\n\n\n<p>La tambi\u00e9n defensora se\u00f1al\u00f3 que como Movimiento de Unificaci\u00f3n y Lucha Triqui mantienen su exigencia porque \u00abse limpie la Secretar\u00eda de Seguridad (y Protecci\u00f3n Ciudadana de Oaxaca), tambi\u00e9n la Fiscal\u00eda porque hay mucha corrupci\u00f3n\u00bb.<\/p>\n\n\n\n<p>Emelia record\u00f3 que a la fecha son m\u00e1s de 500 los asesinatos de integrantes del MULT, de los cuales 21 han ocurrido en la actual administraci\u00f3n estatal.<\/p>\n\n\n\n<p>Las hermanas Virginia y Adriana Ortiz, originarias de San Juan Copala, fueron asesinadas el 5 de noviembre de 2024. Esa noche, ambas descend\u00edan de un taxi cerca de su domicilio cuando sujetos a bordo de una motocicleta dispararon en su contra.<\/p>\n\n\n\n<p>La Fiscal\u00eda General del Estado, que previamente inform\u00f3 que los asesinatos ocurrieron en la madrugada del 6 de noviembre, report\u00f3 la detenci\u00f3n de tres presuntos implicados en dos operativos distintos. Asimismo, tras los asesinatos, se comprometi\u00f3 a \u00abrealizar una investigaci\u00f3n exhaustiva, cient\u00edfica e integral que considere l\u00edneas de investigaci\u00f3n transversales\u00bb.<\/p>\n\n\n\n<p>Del doble homicidio hay tambi\u00e9n un pronunciamiento en el que la Comisi\u00f3n Nacional de los Derechos Humanos llama a garantizar la justicia. Por su parte, el gobernador del estado, Salom\u00f3n Jara Cruz, neg\u00f3 que estos asesinatos tuvieran un car\u00e1cter pol\u00edtico.<\/p>\n\n\n\n<p>Adriana y Virginia son parte de las 278 mujeres asesinadas durante la administraci\u00f3n &nbsp;del gobernador Salom\u00f3n Jara Cruz (del 1\u00ba de diciembre de 2022 al 04 de noviembre de 2025), de acuerdo al seguimiento hemerogr\u00e1fico del Centro de Documentaci\u00f3n del Grupo de estudios sobre la mujer \u201cRosario Castellanos\u201d(GESMujer).<\/p>\n\n\n\n<p>S\u00cd A LA PAZ<\/p>\n\n\n\n<p>En la jornada conmemorativa por Virginia y Adriana Ortiz Garc\u00eda, el MULT tambi\u00e9n record\u00f3 a las hermanas Daniela y Virginia Ortiz Ram\u00edrez, desaparecidas desde el a\u00f1o 2007. Previo al foro con organizaciones sociales y activistas, tambi\u00e9n expres\u00f3 su disposici\u00f3n para generar condiciones de paz en la zona triqui, as\u00ed como para el retorno de compa\u00f1eros autodesplazados por la violencia, de la cual acusan a los caciques de Putla Villa de Guerrero y de Juxtlahuaca.<\/p>\n\n\n\n<p>\u00abEn lo que no estamos de acuerdo es que quieran militarizar nuestras comunidades\u00bb, extern\u00f3 Octavio de Jes\u00fas D\u00edaz, coordinador de la dirigencia, sobre las propuestas del gobierno estatal y federal. Record\u00f3 que ya hubo un cuartel en San Juan Copala, pero del cual exigieron su salida, pues se\u00f1ala que ha sido el Ej\u00e9rcito el que ha cometido \u00ablos actos m\u00e1s horribles que se pueden mencionar\u00bb.<\/p>\n","protected":false},"excerpt":{"rendered":"<p>Lisbeth Mej\u00eda Reyes\/Zona Roja. Oaxaca, Oax., a 5 de noviembre de 2025.- A un a\u00f1o&hellip;<\/p>\n","protected":false},"author":2,"featured_media":86584,"comment_status":"closed","ping_status":"open","sticky":false,"template":"","format":"standard","meta":{"_lmt_disableupdate":"","_lmt_disable":"","_jetpack_memberships_contains_paid_content":false,"footnotes":""},"categories":[109,47],"tags":[867],"class_list":["post-86583","post","type-post","status-publish","format-standard","has-post-thumbnail","hentry","category-minuto-a-minuto","category-zona-gris","tag-movimiento-unificador-de-lucha-triqui-mult"],"jetpack_featured_media_url":"https:\/\/zonaroja.com.mx\/wp-content\/uploads\/2025\/11\/Conferencia-MULT-triquis-mujeres-asesinadas.jpg","jetpack_sharing_enabled":true,"_links":{"self":[{"href":"https:\/\/zonaroja.com.mx\/index.php?rest_route=\/wp\/v2\/posts\/86583","targetHints":{"allow":["GET"]}}],"collection":[{"href":"https:\/\/zonaroja.com.mx\/index.php?rest_route=\/wp\/v2\/posts"}],"about":[{"href":"https:\/\/zonaroja.com.mx\/index.php?rest_route=\/wp\/v2\/types\/post"}],"author":[{"embeddable":true,"href":"https:\/\/zonaroja.com.mx\/index.php?rest_route=\/wp\/v2\/users\/2"}],"replies":[{"embeddable":true,"href":"https:\/\/zonaroja.com.mx\/index.php?rest_route=%2Fwp%2Fv2%2Fcomments&post=86583"}],"version-history":[{"count":1,"href":"https:\/\/zonaroja.com.mx\/index.php?rest_route=\/wp\/v2\/posts\/86583\/revisions"}],"predecessor-version":[{"id":86585,"href":"https:\/\/zonaroja.com.mx\/index.php?rest_route=\/wp\/v2\/posts\/86583\/revisions\/86585"}],"wp:featuredmedia":[{"embeddable":true,"href":"https:\/\/zonaroja.com.mx\/index.php?rest_route=\/wp\/v2\/media\/86584"}],"wp:attachment":[{"href":"https:\/\/zonaroja.com.mx\/index.php?rest_route=%2Fwp%2Fv2%2Fmedia&parent=86583"}],"wp:term":[{"taxonomy":"category","embeddable":true,"href":"https:\/\/zonaroja.com.mx\/index.php?rest_route=%2Fwp%2Fv2%2Fcategories&post=86583"},{"taxonomy":"post_tag","embeddable":true,"href":"https:\/\/zonaroja.com.mx\/index.php?rest_route=%2Fwp%2Fv2%2Ftags&post=86583"}],"curies":[{"name":"wp","href":"https:\/\/api.w.org\/{rel}","templated":true}]}}