{"id":8659,"date":"2020-02-11T17:58:26","date_gmt":"2020-02-11T23:58:26","guid":{"rendered":"http:\/\/www.zonaroja.com.mx\/?p=8659"},"modified":"2020-02-11T17:58:28","modified_gmt":"2020-02-11T23:58:28","slug":"con-apoyo-de-guardia-nacional-clausura-profeco-gasolinera-de-oaxaca-que-roba","status":"publish","type":"post","link":"https:\/\/zonaroja.com.mx\/?p=8659","title":{"rendered":"Con apoyo de Guardia Nacional, clausura Profeco gasolinera de Oaxaca que roba"},"content":{"rendered":"\n<p>Yuridiana Sosa\/Zona Roja.<\/p>\n\n\n\n<p>Oaxaca de Ju\u00e1rez, Oax., 11 de febrero\nde 2020.- Por vender litros incompletos y adem\u00e1s impedir la verificaci\u00f3n, la\nProcuradur\u00eda Federal del Consumidor (Profeco) clausur\u00f3 este martes el servicio en\nla \u201cT\u201d Estaci\u00f3n de Servicios Gasolineros, en San Jacinto Amilpas, Oaxaca.<\/p>\n\n\n\n<p>En uno operativo, acompa\u00f1ado por la\nGuardia Nacional, la dependencia federal llev\u00f3 a cabo la inmovilizaci\u00f3n de las\nbombas, en donde en una revisi\u00f3n anterior la empresa evit\u00f3 la colocaci\u00f3n de\nsellos por las irregularidades encontradas.<\/p>\n\n\n\n<p>La actitud evasiva de la gasoliner\u00eda en\nOaxaca se dio a conocer durante una conferencia matutina del presidente Andr\u00e9s\nManuel L\u00f3pez Obrador en la que estuvo presente el titular del organismo a nivel\nnacional, Ricardo Sheffield Padilla, a inicios de este mes.<\/p>\n\n\n\n<p>\u201cDetectamos que no dan litro de a\nlitro, no permitieron poner los sellos de inmovilizaci\u00f3n. Vamos a regresar con la\nfuerza p\u00fablica\u201d, asever\u00f3 en aquella ocasi\u00f3n Sheffield Padilla, quien dio a\nconocer que en el 2019 se revisaron 216 gasolineras a trav\u00e9s de 172 visitas,\ncon un saldo de dos gasolineras que permitieron la verificaci\u00f3n (Quer\u00e9taro y\nChiapas), mientras que una no permiti\u00f3 se le colocaran sellos (Oaxaca).<\/p>\n\n\n\n<p>La estaci\u00f3n de servicio de combustible\nen Oaxaca se ubica en Camino Antiguo a San Jacinto n\u00famero 12, Jardines de la\nPrimavera, en el municipio de San Jacinto Amilpas, conurbado a la capital;\nestaci\u00f3n que a\u00fan est\u00e1 afiliada a los servicios de Petr\u00f3leos Mexicanos (Pemex).<\/p>\n","protected":false},"excerpt":{"rendered":"<p>Yuridiana Sosa\/Zona Roja. Oaxaca de Ju\u00e1rez, Oax., 11 de febrero de 2020.- Por vender litros&hellip;<\/p>\n","protected":false},"author":2,"featured_media":8660,"comment_status":"closed","ping_status":"open","sticky":false,"template":"","format":"standard","meta":{"_lmt_disableupdate":"","_lmt_disable":"","_jetpack_memberships_contains_paid_content":false,"footnotes":""},"categories":[109,47],"tags":[991],"class_list":["post-8659","post","type-post","status-publish","format-standard","has-post-thumbnail","hentry","category-minuto-a-minuto","category-zona-gris","tag-procuraduria-federal-del-consumidor-profeco"],"jetpack_featured_media_url":"https:\/\/zonaroja.com.mx\/wp-content\/uploads\/2020\/02\/Clausura-gasolinera.jpg","jetpack_sharing_enabled":true,"_links":{"self":[{"href":"https:\/\/zonaroja.com.mx\/index.php?rest_route=\/wp\/v2\/posts\/8659","targetHints":{"allow":["GET"]}}],"collection":[{"href":"https:\/\/zonaroja.com.mx\/index.php?rest_route=\/wp\/v2\/posts"}],"about":[{"href":"https:\/\/zonaroja.com.mx\/index.php?rest_route=\/wp\/v2\/types\/post"}],"author":[{"embeddable":true,"href":"https:\/\/zonaroja.com.mx\/index.php?rest_route=\/wp\/v2\/users\/2"}],"replies":[{"embeddable":true,"href":"https:\/\/zonaroja.com.mx\/index.php?rest_route=%2Fwp%2Fv2%2Fcomments&post=8659"}],"version-history":[{"count":1,"href":"https:\/\/zonaroja.com.mx\/index.php?rest_route=\/wp\/v2\/posts\/8659\/revisions"}],"predecessor-version":[{"id":8661,"href":"https:\/\/zonaroja.com.mx\/index.php?rest_route=\/wp\/v2\/posts\/8659\/revisions\/8661"}],"wp:featuredmedia":[{"embeddable":true,"href":"https:\/\/zonaroja.com.mx\/index.php?rest_route=\/wp\/v2\/media\/8660"}],"wp:attachment":[{"href":"https:\/\/zonaroja.com.mx\/index.php?rest_route=%2Fwp%2Fv2%2Fmedia&parent=8659"}],"wp:term":[{"taxonomy":"category","embeddable":true,"href":"https:\/\/zonaroja.com.mx\/index.php?rest_route=%2Fwp%2Fv2%2Fcategories&post=8659"},{"taxonomy":"post_tag","embeddable":true,"href":"https:\/\/zonaroja.com.mx\/index.php?rest_route=%2Fwp%2Fv2%2Ftags&post=8659"}],"curies":[{"name":"wp","href":"https:\/\/api.w.org\/{rel}","templated":true}]}}