{"id":86592,"date":"2025-11-06T07:15:00","date_gmt":"2025-11-06T13:15:00","guid":{"rendered":"https:\/\/zonaroja.com.mx\/?p=86592"},"modified":"2025-11-06T06:39:28","modified_gmt":"2025-11-06T12:39:28","slug":"la-onu-se-solidariza-con-claudia-sheinbaum-tras-agresion","status":"publish","type":"post","link":"https:\/\/zonaroja.com.mx\/?p=86592","title":{"rendered":"La ONU se solidariza con Claudia Sheinbaum tras agresi\u00f3n"},"content":{"rendered":"\n<p>Redacci\u00f3n\/Zona Roja Cdmx.<\/p>\n\n\n\n<p>(Informaci\u00f3n de EFE en \u201cEl Financiero\u201d)<\/p>\n\n\n\n<p>Ciudad de M\u00e9xico, a 6 de noviembre de 2025.- La Organizaci\u00f3n de las Naciones Unidas (ONU) conden\u00f3 este mi\u00e9rcoles el acoso que vivi\u00f3 la presidenta de M\u00e9xico, Claudia Sheinbaum, al tiempo que hizo un llamado a \u201cno normalizar ni minimizar\u201d la violencia contra las mujeres en el pa\u00eds.<\/p>\n\n\n\n<p>El pronunciamiento ocurre luego de que el martes un hombre acos\u00f3 y toc\u00f3 sin su consentimiento a la mandataria, cuando caminaba y saludaba a ciudadanos en un corto recorrido a pie por el Centro Hist\u00f3rico, a unos metros de Palacio Nacional, en la capital mexicana.<\/p>\n\n\n\n<p>\u201cLa ONU en M\u00e9xico expresa su solidaridad con la presidenta Claudia Sheinbaum ante la agresi\u00f3n sufrida\u201d, expuso la organizaci\u00f3n en un mensaje en X.<\/p>\n\n\n\n<p>Por separado, ONU Mujeres remarc\u00f3 que \u201cla violencia contra las mujeres no puede normalizarse ni minimizarse\u201d y se\u00f1al\u00f3 que \u201ctoda forma de acoso, hostigamiento o abuso es una violaci\u00f3n de los derechos humanos y un delito que debe ser denunciado, sancionado y erradicado\u201d.<\/p>\n\n\n\n<p>Asimismo, expres\u00f3 su respaldo al llamamiento que hizo el martes la Secretar\u00eda de las Mujeres de M\u00e9xico de no \u201ctrivializar\u201d este tipo de violencias, ni utilizarlas para ejercer revictimizaci\u00f3n.<\/p>\n\n\n\n<p>La Secretar\u00eda de las Mujeres urgi\u00f3 en un comunicado \u201ca que este acontecimiento no se instrumentalice para revictimizar a ninguna mujer, ni\u00f1a o adolescente que haya sufrido un acto de violencia\u201d.<\/p>\n\n\n\n<p>Ayer por la ma\u00f1ana, Sheinbaum afirm\u00f3 en su conferencia diaria que interpuso una denuncia contra el sujeto que la acos\u00f3, adem\u00e1s de que espera una disculpa de los medios que difundieron fotograf\u00edas de la agresi\u00f3n, tomadas de un video que se viraliz\u00f3 en las redes sociales.<\/p>\n\n\n\n<p>La mandataria tambi\u00e9n rechaz\u00f3 la revictimizaci\u00f3n ejercida en su contra por figuras pol\u00edticas opositoras que la acusan de \u201cfabricar\u201d la agresi\u00f3n para desviar la atenci\u00f3n medi\u00e1tica por la violencia en Michoac\u00e1n, tras el asesinato del alcalde de Uruapan, Carlos Manzo.<\/p>\n\n\n\n<p>\u201cSuena como cuando llega una mujer al Ministerio P\u00fablico y le dicen, \u2018\u00bfpor qu\u00e9 ibas con el vestido corto?\u2019(\u2026) \u00bfSe lo busc\u00f3 la presidenta por ir caminando, o c\u00f3mo?\u201d, cuestion\u00f3.<\/p>\n\n\n\n<p>Un d\u00eda antes, cuando Sheinbaum caminaba por el centro de la capital y saludaba a algunos ciudadanos, un hombre en aparente estado de ebriedad se le acerc\u00f3, intent\u00f3 besarla en el cuello y luego abrazarla por la espalda.<\/p>\n\n\n\n<p>Horas m\u00e1s tarde, autoridades federales confirmaron que el agresor, identificado como Uriel R, fue arrestado y remitido a la Fiscal\u00eda de Delitos Sexuales de la Ciudad de M\u00e9xico.<\/p>\n\n\n\n<p>A la condena por la agresi\u00f3n tambi\u00e9n se sum\u00f3 la Conferencia Nacional de Gobernadores (Conago), que se\u00f1al\u00f3 en un comunicado que \u201ceste hecho es un recordatorio doloroso\u201d de que las mujeres, incluso en cargos de alta responsabilidad p\u00fablica, siguen \u201cenfrentando actitudes machistas, agresiones f\u00edsicas y distintas formas de violencia\u201d.<\/p>\n\n\n\n<p>M\u00e1s del 70 por ciento de las mexicanas mayores de 15 a\u00f1os han vivido al menos un tipo de violencia, como sexual (48 %), psicol\u00f3gica (52 %) o f\u00edsica (35 %), seg\u00fan datos del Instituto Nacional de Estad\u00edstica y Geograf\u00eda (Inegi).<\/p>\n","protected":false},"excerpt":{"rendered":"<p>Redacci\u00f3n\/Zona Roja Cdmx. (Informaci\u00f3n de EFE en \u201cEl Financiero\u201d) Ciudad de M\u00e9xico, a 6 de&hellip;<\/p>\n","protected":false},"author":2,"featured_media":86593,"comment_status":"closed","ping_status":"open","sticky":false,"template":"","format":"standard","meta":{"_lmt_disableupdate":"","_lmt_disable":"","_jetpack_memberships_contains_paid_content":false,"footnotes":""},"categories":[109,46],"tags":[3370],"class_list":["post-86592","post","type-post","status-publish","format-standard","has-post-thumbnail","hentry","category-minuto-a-minuto","category-zona-blanca","tag-claudia-sheinbaum"],"jetpack_featured_media_url":"https:\/\/zonaroja.com.mx\/wp-content\/uploads\/2025\/11\/Claudia-Sheinbaum-ONU.jpeg.avif","jetpack_sharing_enabled":true,"_links":{"self":[{"href":"https:\/\/zonaroja.com.mx\/index.php?rest_route=\/wp\/v2\/posts\/86592","targetHints":{"allow":["GET"]}}],"collection":[{"href":"https:\/\/zonaroja.com.mx\/index.php?rest_route=\/wp\/v2\/posts"}],"about":[{"href":"https:\/\/zonaroja.com.mx\/index.php?rest_route=\/wp\/v2\/types\/post"}],"author":[{"embeddable":true,"href":"https:\/\/zonaroja.com.mx\/index.php?rest_route=\/wp\/v2\/users\/2"}],"replies":[{"embeddable":true,"href":"https:\/\/zonaroja.com.mx\/index.php?rest_route=%2Fwp%2Fv2%2Fcomments&post=86592"}],"version-history":[{"count":1,"href":"https:\/\/zonaroja.com.mx\/index.php?rest_route=\/wp\/v2\/posts\/86592\/revisions"}],"predecessor-version":[{"id":86594,"href":"https:\/\/zonaroja.com.mx\/index.php?rest_route=\/wp\/v2\/posts\/86592\/revisions\/86594"}],"wp:featuredmedia":[{"embeddable":true,"href":"https:\/\/zonaroja.com.mx\/index.php?rest_route=\/wp\/v2\/media\/86593"}],"wp:attachment":[{"href":"https:\/\/zonaroja.com.mx\/index.php?rest_route=%2Fwp%2Fv2%2Fmedia&parent=86592"}],"wp:term":[{"taxonomy":"category","embeddable":true,"href":"https:\/\/zonaroja.com.mx\/index.php?rest_route=%2Fwp%2Fv2%2Fcategories&post=86592"},{"taxonomy":"post_tag","embeddable":true,"href":"https:\/\/zonaroja.com.mx\/index.php?rest_route=%2Fwp%2Fv2%2Ftags&post=86592"}],"curies":[{"name":"wp","href":"https:\/\/api.w.org\/{rel}","templated":true}]}}