{"id":86598,"date":"2025-11-06T10:15:00","date_gmt":"2025-11-06T16:15:00","guid":{"rendered":"https:\/\/zonaroja.com.mx\/?p=86598"},"modified":"2025-11-06T07:14:30","modified_gmt":"2025-11-06T13:14:30","slug":"impulsan-en-oaxaca-la-profesionalizacion-con-la-maestria-en-derecho-judicial","status":"publish","type":"post","link":"https:\/\/zonaroja.com.mx\/?p=86598","title":{"rendered":"Impulsan en Oaxaca la profesionalizaci\u00f3n con la Maestr\u00eda en Derecho Judicial"},"content":{"rendered":"\n<p>Raymundo Morales\/Zona Roja.<\/p>\n\n\n\n<p>Oaxaca, Oax., a 6 de noviembre de 2025.- El Poder Judicial de Oaxaca ha puesto en marcha una serie de estrategias para profesionalizar a sus integrantes y elevar la calidad del servicio p\u00fablico que se ofrece a la ciudadan\u00eda.&nbsp;<\/p>\n\n\n\n<p>Entre las que destaca la Maestr\u00eda en Derecho Judicial, un programa acad\u00e9mico de excelencia desarrollado en colaboraci\u00f3n con la Universit\u00e0 degli Studi di Perugia, de Italia.<\/p>\n\n\n\n<p>Durante la Tercera Asamblea Plenaria Ordinaria 2025 de la Comisi\u00f3n Nacional de Tribunales Superiores de Justicia de los Estados Unidos Mexicanos (Conatrib), con sede en Jalisco, la titular del Poder Judicial de Oaxaca, Erika Mar\u00eda Rodr\u00edguez Rodr\u00edguez, present\u00f3 ante las y los titulares de los poderes judiciales del pa\u00eds el innovador posgrado como una oportunidad de experiencia acad\u00e9mica internacional, sin precedentes.<\/p>\n\n\n\n<p>De acuerdo con informaci\u00f3n publicada por Infobae, destac\u00f3 su relevancia como herramienta para fortalecer la independencia, la imparcialidad y la calidad en la impartici\u00f3n de justicia ya que est\u00e1 dirigida a magistradas, magistrados, juezas, jueces y dem\u00e1s operadores jurisdiccionales de los poderes judiciales de la Rep\u00fablica Mexicana y de Latinoam\u00e9rica.<\/p>\n\n\n\n<p>La magistrada presidenta reafirm\u00f3 el compromiso del Poder Judicial de Oaxaca con la independencia judicial y la imparcialidad como ejes fundamentales de toda actuaci\u00f3n jurisdiccional, subrayando que una justicia s\u00f3lida se construye a partir de la capacitaci\u00f3n continua y especializada de quienes la imparten.<\/p>\n\n\n\n<p>Rodr\u00edguez Rodr\u00edguez convoc\u00f3 a apostar por la formaci\u00f3n acad\u00e9mica para lograr una justicia m\u00e1s eficiente e invit\u00f3 a las y los integrantes de los tribunales del pa\u00eds a postularse y ser parte de esta experiencia acad\u00e9mica internacional.<\/p>\n\n\n\n<p>Mas detalles:&nbsp;<\/p>\n\n\n\n<figure class=\"wp-block-embed\"><div class=\"wp-block-embed__wrapper\">\nhttps:\/\/www.infobae.com\/mexico\/2025\/11\/05\/poder-judicial-de-oaxaca-capacitara-a-empleados-para-mejorar-la-atencion-ciudadana\n<\/div><\/figure>\n","protected":false},"excerpt":{"rendered":"<p>Raymundo Morales\/Zona Roja. Oaxaca, Oax., a 6 de noviembre de 2025.- El Poder Judicial de&hellip;<\/p>\n","protected":false},"author":2,"featured_media":86483,"comment_status":"closed","ping_status":"open","sticky":false,"template":"","format":"standard","meta":{"_lmt_disableupdate":"","_lmt_disable":"","_jetpack_memberships_contains_paid_content":false,"footnotes":""},"categories":[109,46],"tags":[4430,223],"class_list":["post-86598","post","type-post","status-publish","format-standard","has-post-thumbnail","hentry","category-minuto-a-minuto","category-zona-blanca","tag-erika-maria-rodriguez-rodriguez","tag-poder-judicial-de-oaxaca"],"jetpack_featured_media_url":"https:\/\/zonaroja.com.mx\/wp-content\/uploads\/2025\/11\/Ericka-Maria-Rodriguez-Poder-Judicial.jpg","jetpack_sharing_enabled":true,"_links":{"self":[{"href":"https:\/\/zonaroja.com.mx\/index.php?rest_route=\/wp\/v2\/posts\/86598","targetHints":{"allow":["GET"]}}],"collection":[{"href":"https:\/\/zonaroja.com.mx\/index.php?rest_route=\/wp\/v2\/posts"}],"about":[{"href":"https:\/\/zonaroja.com.mx\/index.php?rest_route=\/wp\/v2\/types\/post"}],"author":[{"embeddable":true,"href":"https:\/\/zonaroja.com.mx\/index.php?rest_route=\/wp\/v2\/users\/2"}],"replies":[{"embeddable":true,"href":"https:\/\/zonaroja.com.mx\/index.php?rest_route=%2Fwp%2Fv2%2Fcomments&post=86598"}],"version-history":[{"count":1,"href":"https:\/\/zonaroja.com.mx\/index.php?rest_route=\/wp\/v2\/posts\/86598\/revisions"}],"predecessor-version":[{"id":86599,"href":"https:\/\/zonaroja.com.mx\/index.php?rest_route=\/wp\/v2\/posts\/86598\/revisions\/86599"}],"wp:featuredmedia":[{"embeddable":true,"href":"https:\/\/zonaroja.com.mx\/index.php?rest_route=\/wp\/v2\/media\/86483"}],"wp:attachment":[{"href":"https:\/\/zonaroja.com.mx\/index.php?rest_route=%2Fwp%2Fv2%2Fmedia&parent=86598"}],"wp:term":[{"taxonomy":"category","embeddable":true,"href":"https:\/\/zonaroja.com.mx\/index.php?rest_route=%2Fwp%2Fv2%2Fcategories&post=86598"},{"taxonomy":"post_tag","embeddable":true,"href":"https:\/\/zonaroja.com.mx\/index.php?rest_route=%2Fwp%2Fv2%2Ftags&post=86598"}],"curies":[{"name":"wp","href":"https:\/\/api.w.org\/{rel}","templated":true}]}}