{"id":86600,"date":"2025-11-06T11:15:00","date_gmt":"2025-11-06T17:15:00","guid":{"rendered":"https:\/\/zonaroja.com.mx\/?p=86600"},"modified":"2025-11-06T08:07:04","modified_gmt":"2025-11-06T14:07:04","slug":"anuncian-campeonato-de-karate-open-cup-2025-en-oaxaca","status":"publish","type":"post","link":"https:\/\/zonaroja.com.mx\/?p=86600","title":{"rendered":"Anuncian campeonato de Karate Open Cup 2025 en Oaxaca"},"content":{"rendered":"\n<p>Raymundo Morales\/Zona Roja.<\/p>\n\n\n\n<p>Oaxaca, Oax., a 6 de noviembre de 2025.- Oaxaca ser\u00e1 sede del torneo Karate M\u00e9xico Open Cup 2025, que se efectuar\u00e1 del 14 al 16 de noviembre.<\/p>\n\n\n\n<p>As\u00ed lo anuncio la presidenta de la Asociaci\u00f3n de Escuelas Oficiales de Karate del Estado, Xhunashi Caballero Santiago, quien resalt\u00f3 que esta justa tendr\u00e1 car\u00e1cter clasificatorio para competencias internacionales.<\/p>\n\n\n\n<p>En conferencia de prensa en la capital, acompa\u00f1ada del director del Instituto del Deporte, Arturo de Jes\u00fas Ch\u00e1vez, la destacada deportista oaxaque\u00f1a inform\u00f3 que se prev\u00e9 la asistencia de unos 900 participantes de todas las entidades del pa\u00eds.<\/p>\n\n\n\n<p>Expuso que el Karate M\u00e9xico Open Cup ser\u00e1 una plataforma de competencia, encuentro y crecimiento para las nuevas generaciones del karatecas nacional, ademas de fungir como selectivo rumbo al Campeonato Centroamericano CCondeka 2026, a celebrarse en Nicaragua.<\/p>\n\n\n\n<p>\u201cMuy contenta de presentar otro evento a nivel nacional de karate; el a\u00f1o pasado tuvimos un regional y este a\u00f1o vamos a hacer otro campeonato; va a estar el campeonato en casa y eso quiere decir que todos nuestros atletas van a poder sentirse m\u00e1s c\u00f3modo y tener un mejor desarrollo en esa competencia, para estar en la selecci\u00f3n nacional del pr\u00f3ximo a\u00f1o\u201d, expuso.<\/p>\n\n\n\n<p>Acompa\u00f1ada de destacados artemarcialistas de la entidad, Xhunashi Caballero confi\u00f3 en que el nivel competitivo t\u00e9cnico de las promesas oaxaque\u00f1as suba y refleje para la Olimpiada Nacional 2026.<\/p>\n\n\n\n<p>En este a\u00f1o, hubo excelentes resultados en la justa de karate en el pa\u00eds, con varias medallas en primeros lugares, y se espera que el pr\u00f3ximo a\u00f1o haya mayores logros.<\/p>\n\n\n\n<p>El Karate Open Cut tendr\u00e1 como sede del gimnasio \u201cRicardo Flores Mag\u00f3n\u201d y reconoci\u00f3 el apoyo de las autoridades estatal para respaldar esta competencia.<\/p>\n\n\n\n<p>Indic\u00f3 que pueden participar tanto afiliados como no afiliados a la Federaci\u00f3n de Karate M\u00e9xico.<\/p>\n\n\n\n<p>En las justas que inician el d\u00eda 14, hay todas las categor\u00edas, desde infantiles; las cintas Elite ser\u00e1n las que participen en el clasificatorio para Nicaragua-<\/p>\n\n\n\n<p>\u201cEst\u00e1n confirmados 100 atletas de todo el estado, la mayor\u00eda de Oaxaca centro y del Istmo, todos afiliados. Los no afiliados tienen las puertas abiertas; solamente en la categr\u00eda clasificatorio, tienen que ser afiliados a la Asociaci\u00f3n de Escuelas Oficiales de Karate\u201d.<\/p>\n\n\n\n<p>Caballero Santiago convoc\u00f3 a la poblaci\u00f3n oaxaque\u00f1a en general a ser testigo de estas competencias y confi\u00f3 en que los deportistas de la entidad logren buenos resultados.<\/p>\n\n\n\n<figure class=\"wp-block-embed is-type-rich is-provider-twitter wp-block-embed-twitter\"><div class=\"wp-block-embed__wrapper\">\n<div class=\"twitter-tweet\"><blockquote class=\"twitter-tweet\" data-lang=\"es\"><p lang=\"es\" dir=\"ltr\"><a href=\"https:\/\/twitter.com\/hashtag\/ENVIVO?src=hash&amp;ref_src=twsrc%5Etfw\">#ENVIVO<\/a><br>Oaxaca.- Conferencia de prensa del comit\u00e9 organizador y la deportista Xhunashi Caballero, para presentar el Karate M\u00e9xico Open Cup 2025, que se efectuar\u00e1 en el estado. <a href=\"https:\/\/t.co\/CTotzE4fFF\">https:\/\/t.co\/CTotzE4fFF<\/a><\/p>&mdash; Zona Roja Oaxaca (@ZonaRoja_Oaxaca) <a href=\"https:\/\/twitter.com\/ZonaRoja_Oaxaca\/status\/1986210757566996539?ref_src=twsrc%5Etfw\">5 de noviembre de 2025<\/a><\/blockquote><\/div>\n<\/div><\/figure>\n","protected":false},"excerpt":{"rendered":"<p>Raymundo Morales\/Zona Roja. Oaxaca, Oax., a 6 de noviembre de 2025.- Oaxaca ser\u00e1 sede del&hellip;<\/p>\n","protected":false},"author":2,"featured_media":86601,"comment_status":"closed","ping_status":"open","sticky":false,"template":"","format":"standard","meta":{"_lmt_disableupdate":"","_lmt_disable":"","_jetpack_memberships_contains_paid_content":false,"footnotes":""},"categories":[109,46],"tags":[4517,4516],"class_list":["post-86600","post","type-post","status-publish","format-standard","has-post-thumbnail","hentry","category-minuto-a-minuto","category-zona-blanca","tag-karate-mexico-open-cup","tag-xhunashi-caballero-santiago"],"jetpack_featured_media_url":"https:\/\/zonaroja.com.mx\/wp-content\/uploads\/2025\/11\/Xhunashi-Caballero-torneo-karate-Open-Cup.jpg","jetpack_sharing_enabled":true,"_links":{"self":[{"href":"https:\/\/zonaroja.com.mx\/index.php?rest_route=\/wp\/v2\/posts\/86600","targetHints":{"allow":["GET"]}}],"collection":[{"href":"https:\/\/zonaroja.com.mx\/index.php?rest_route=\/wp\/v2\/posts"}],"about":[{"href":"https:\/\/zonaroja.com.mx\/index.php?rest_route=\/wp\/v2\/types\/post"}],"author":[{"embeddable":true,"href":"https:\/\/zonaroja.com.mx\/index.php?rest_route=\/wp\/v2\/users\/2"}],"replies":[{"embeddable":true,"href":"https:\/\/zonaroja.com.mx\/index.php?rest_route=%2Fwp%2Fv2%2Fcomments&post=86600"}],"version-history":[{"count":1,"href":"https:\/\/zonaroja.com.mx\/index.php?rest_route=\/wp\/v2\/posts\/86600\/revisions"}],"predecessor-version":[{"id":86602,"href":"https:\/\/zonaroja.com.mx\/index.php?rest_route=\/wp\/v2\/posts\/86600\/revisions\/86602"}],"wp:featuredmedia":[{"embeddable":true,"href":"https:\/\/zonaroja.com.mx\/index.php?rest_route=\/wp\/v2\/media\/86601"}],"wp:attachment":[{"href":"https:\/\/zonaroja.com.mx\/index.php?rest_route=%2Fwp%2Fv2%2Fmedia&parent=86600"}],"wp:term":[{"taxonomy":"category","embeddable":true,"href":"https:\/\/zonaroja.com.mx\/index.php?rest_route=%2Fwp%2Fv2%2Fcategories&post=86600"},{"taxonomy":"post_tag","embeddable":true,"href":"https:\/\/zonaroja.com.mx\/index.php?rest_route=%2Fwp%2Fv2%2Ftags&post=86600"}],"curies":[{"name":"wp","href":"https:\/\/api.w.org\/{rel}","templated":true}]}}