{"id":86603,"date":"2025-11-06T11:15:00","date_gmt":"2025-11-06T17:15:00","guid":{"rendered":"https:\/\/zonaroja.com.mx\/?p=86603"},"modified":"2025-11-06T08:11:51","modified_gmt":"2025-11-06T14:11:51","slug":"reconoce-acnur-modelo-implementado-para-atender-desplazamiento-forzado","status":"publish","type":"post","link":"https:\/\/zonaroja.com.mx\/?p=86603","title":{"rendered":"Reconoce ACNUR modelo implementado para atender desplazamiento forzado"},"content":{"rendered":"\n<p>Redacci\u00f3n\/Zona Roja.&nbsp;<\/p>\n\n\n\n<p>Oaxaca, Oax., a 6 de noviembre de 2025.- El modelo que implement\u00f3 el gobierno de Oaxaca en la localidad de Guadalupe Victoria, San Juan Juquila Mixe, reconocido por el Alto Comisionado de las Naciones Unidas para los Refugiados (ACNUR) como un ejemplo para atender el desplazamiento forzado interno a nivel mundial.<\/p>\n\n\n\n<p>En conferencia de prensa de ayer, el mandatario Salom\u00f3n Jara puntualiz\u00f3 que, por primera vez en la historia de Oaxaca, este fen\u00f3meno se est\u00e1 atendiendo con una pol\u00edtica integral, \u00fanica a nivel nacional, que demuestra que el suyo es un gobierno del pueblo y para el pueblo.<\/p>\n\n\n\n<p>\u201cCon esta acci\u00f3n avanzamos en la reparaci\u00f3n hist\u00f3rica de nuestros pueblos y cumplimos con el objetivo de construir paz con justicia desde abajo, en el territorio y siempre de la mano de nuestros pueblos\u201d, expres\u00f3.<\/p>\n\n\n\n<p>En este sentido, el oficial principal de Protecci\u00f3n de la ACNUR, Daniel MacGuire, destac\u00f3 cuatro elementos claves de buenas pr\u00e1cticas llevados a cabo por el Gobierno de Oaxaca: la atenci\u00f3n y respuesta directa a quienes tienen necesidades espec\u00edficas, como personas mayores y con discapacidad; el libre movimiento, ya que es un proceso de va y viene que no se termina en un solo d\u00eda.<\/p>\n\n\n\n<p>Tambi\u00e9n, la coordinaci\u00f3n entre los tres \u00f3rdenes de gobierno y el compromiso a largo plazo, toda vez que la administraci\u00f3n estatal dar\u00e1 continuidad para garantizar la seguridad en la comunidad y el acceso a los servicios b\u00e1sicos.<\/p>\n\n\n\n<p>\u201cEstos cuatro elementos se pueden repetir no solo a nivel nacional sino tambi\u00e9n internacional. Este hecho no pasa muchas veces y menos en cumplimiento directo con la comunidad y principios rectores\u201d, dijo.<\/p>\n\n\n\n<p>Este es el primer proceso de retorno de familias en M\u00e9xico: planeado, ordenado, participativo, basado en los principios rectores de la Organizaci\u00f3n de las Naciones Unidas (ONU) y con el acompa\u00f1amiento de la ACNUR. No existe otro precedente en el pa\u00eds con estas caracter\u00edsticas.<\/p>\n\n\n\n<p>Estas acciones se suman a la reciente aprobaci\u00f3n de la Ley para Prevenir, Atender y Reparar Integralmente el Desplazamiento Forzado Interno en Oaxaca; que convierte a la entidad en la quinta del pa\u00eds en contar con una legislaci\u00f3n en la materia, pero la primera en elaborarla a trav\u00e9s de un proceso de consulta.<\/p>\n","protected":false},"excerpt":{"rendered":"<p>Redacci\u00f3n\/Zona Roja.&nbsp; Oaxaca, Oax., a 6 de noviembre de 2025.- El modelo que implement\u00f3 el&hellip;<\/p>\n","protected":false},"author":2,"featured_media":86604,"comment_status":"closed","ping_status":"open","sticky":false,"template":"","format":"standard","meta":{"_lmt_disableupdate":"","_lmt_disable":"","_jetpack_memberships_contains_paid_content":false,"footnotes":""},"categories":[109,46],"tags":[2822],"class_list":["post-86603","post","type-post","status-publish","format-standard","has-post-thumbnail","hentry","category-minuto-a-minuto","category-zona-blanca","tag-san-juan-juquila-mixe"],"jetpack_featured_media_url":"https:\/\/zonaroja.com.mx\/wp-content\/uploads\/2025\/11\/Reconoce-ACNUR-modelo-implementado-por-Gobierno-de-Salomon-Jara-para-atender-desplazamiento-forzado-interno-2.jpeg","jetpack_sharing_enabled":true,"_links":{"self":[{"href":"https:\/\/zonaroja.com.mx\/index.php?rest_route=\/wp\/v2\/posts\/86603","targetHints":{"allow":["GET"]}}],"collection":[{"href":"https:\/\/zonaroja.com.mx\/index.php?rest_route=\/wp\/v2\/posts"}],"about":[{"href":"https:\/\/zonaroja.com.mx\/index.php?rest_route=\/wp\/v2\/types\/post"}],"author":[{"embeddable":true,"href":"https:\/\/zonaroja.com.mx\/index.php?rest_route=\/wp\/v2\/users\/2"}],"replies":[{"embeddable":true,"href":"https:\/\/zonaroja.com.mx\/index.php?rest_route=%2Fwp%2Fv2%2Fcomments&post=86603"}],"version-history":[{"count":1,"href":"https:\/\/zonaroja.com.mx\/index.php?rest_route=\/wp\/v2\/posts\/86603\/revisions"}],"predecessor-version":[{"id":86605,"href":"https:\/\/zonaroja.com.mx\/index.php?rest_route=\/wp\/v2\/posts\/86603\/revisions\/86605"}],"wp:featuredmedia":[{"embeddable":true,"href":"https:\/\/zonaroja.com.mx\/index.php?rest_route=\/wp\/v2\/media\/86604"}],"wp:attachment":[{"href":"https:\/\/zonaroja.com.mx\/index.php?rest_route=%2Fwp%2Fv2%2Fmedia&parent=86603"}],"wp:term":[{"taxonomy":"category","embeddable":true,"href":"https:\/\/zonaroja.com.mx\/index.php?rest_route=%2Fwp%2Fv2%2Fcategories&post=86603"},{"taxonomy":"post_tag","embeddable":true,"href":"https:\/\/zonaroja.com.mx\/index.php?rest_route=%2Fwp%2Fv2%2Ftags&post=86603"}],"curies":[{"name":"wp","href":"https:\/\/api.w.org\/{rel}","templated":true}]}}