{"id":86617,"date":"2025-11-06T18:40:43","date_gmt":"2025-11-07T00:40:43","guid":{"rendered":"https:\/\/zonaroja.com.mx\/?p=86617"},"modified":"2025-11-06T18:40:50","modified_gmt":"2025-11-07T00:40:50","slug":"denuncia-el-mult-enesimo-ataque-armado-en-la-region-mixteca","status":"publish","type":"post","link":"https:\/\/zonaroja.com.mx\/?p=86617","title":{"rendered":"Denuncia el MULT en\u00e9simo ataque armado en la regi\u00f3n Mixteca"},"content":{"rendered":"\n<p>Ismael Garc\u00eda M.\/Zona Roja.<\/p>\n\n\n\n<p>Oaxaca, Oax., a 6 de noviembre de 2025.- El Movimiento de Unificaci\u00f3n y Lucha Triqui (MULT) denunci\u00f3 un nuevo ataque armado en contra de sus militantes, en la regi\u00f3n Mixteca de Oaxaca; no obstante, no confirma si hay fallecidos; extraoficialmente habr\u00eda un asesinado.<\/p>\n\n\n\n<p>\u201cHasta estas horas se desconoce en n\u00famero de muertos y heridos por esta cobarde emboscada provocada por grupos paramilitares que asedian constantemente a la poblaci\u00f3n civil en este punto\u201d, inform\u00f3 en un comunicado.<\/p>\n\n\n\n<p>Detall\u00f3 que la agresi\u00f3n ocurri\u00f3 este jueves alrededor de las 14:00 horas sobre la carretera federal, a la altura de la desviaci\u00f3n a la comunidad Cumbre y de Hierba Santa, jurisdicci\u00f3n del municipio de Santiago Juxtlahuaca.<\/p>\n\n\n\n<p>\u201cAnte estos graves hechos de violencia, se\u00f1alamos y acusamos al Gobierno Federal de incumplir su obligaci\u00f3n de garantizar la seguridad en este tramo carretero, particularmente entre las comunidades de Agua Fr\u00eda y El Carrizal, donde desde el a\u00f1o 2022 nuestra organizaci\u00f3n ha exigido la instalaci\u00f3n de c\u00e1maras de vigilancia y m\u00f3dulos permanentes de la Guardia Nacional, con el prop\u00f3sito de prevenir los asesinatos y ataques que se cometen impunemente contra nuestros compa\u00f1eros y compa\u00f1eras, y para que los pueblos puedan transitar sin miedo\u201d, expuso.<\/p>\n\n\n\n<p>La organizaci\u00f3n social responsabiliz\u00f3 de ello \u201ca las organizaciones paramilitares que se encuentran asentadas sobre el tramo carretero donde sucedi\u00f3 este cobarde atentado, ya que mantienen el control armado en la zona, siembran el terror entre las comunidades y generan un clima de incertidumbre e inseguridad permanente\u201d.<\/p>\n\n\n\n<p>Exigi\u00f3 a los gobiernos federal y estatal actuar de inmediato para restablecer la paz y la seguridad en la zona triqui, as\u00ed como garantizar el libre tr\u00e1nsito de las personas e indagar y desarticular a los grupos armados.<\/p>\n\n\n\n<p>Apenas el pasado 24 de octubre, otro militante del MULT fue asesinado a balazos, en el tramo carretero Juxtlauaca-Carrizal.<\/p>\n","protected":false},"excerpt":{"rendered":"<p>Ismael Garc\u00eda M.\/Zona Roja. Oaxaca, Oax., a 6 de noviembre de 2025.- El Movimiento de&hellip;<\/p>\n","protected":false},"author":2,"featured_media":86618,"comment_status":"closed","ping_status":"open","sticky":false,"template":"","format":"standard","meta":{"_lmt_disableupdate":"","_lmt_disable":"","_jetpack_memberships_contains_paid_content":false,"footnotes":""},"categories":[109,51],"tags":[867],"class_list":["post-86617","post","type-post","status-publish","format-standard","has-post-thumbnail","hentry","category-minuto-a-minuto","category-zona-roja","tag-movimiento-unificador-de-lucha-triqui-mult"],"jetpack_featured_media_url":"https:\/\/zonaroja.com.mx\/wp-content\/uploads\/2025\/11\/Zona-triqui-la-cumbre-hierba-santa.jpg","jetpack_sharing_enabled":true,"_links":{"self":[{"href":"https:\/\/zonaroja.com.mx\/index.php?rest_route=\/wp\/v2\/posts\/86617","targetHints":{"allow":["GET"]}}],"collection":[{"href":"https:\/\/zonaroja.com.mx\/index.php?rest_route=\/wp\/v2\/posts"}],"about":[{"href":"https:\/\/zonaroja.com.mx\/index.php?rest_route=\/wp\/v2\/types\/post"}],"author":[{"embeddable":true,"href":"https:\/\/zonaroja.com.mx\/index.php?rest_route=\/wp\/v2\/users\/2"}],"replies":[{"embeddable":true,"href":"https:\/\/zonaroja.com.mx\/index.php?rest_route=%2Fwp%2Fv2%2Fcomments&post=86617"}],"version-history":[{"count":1,"href":"https:\/\/zonaroja.com.mx\/index.php?rest_route=\/wp\/v2\/posts\/86617\/revisions"}],"predecessor-version":[{"id":86619,"href":"https:\/\/zonaroja.com.mx\/index.php?rest_route=\/wp\/v2\/posts\/86617\/revisions\/86619"}],"wp:featuredmedia":[{"embeddable":true,"href":"https:\/\/zonaroja.com.mx\/index.php?rest_route=\/wp\/v2\/media\/86618"}],"wp:attachment":[{"href":"https:\/\/zonaroja.com.mx\/index.php?rest_route=%2Fwp%2Fv2%2Fmedia&parent=86617"}],"wp:term":[{"taxonomy":"category","embeddable":true,"href":"https:\/\/zonaroja.com.mx\/index.php?rest_route=%2Fwp%2Fv2%2Fcategories&post=86617"},{"taxonomy":"post_tag","embeddable":true,"href":"https:\/\/zonaroja.com.mx\/index.php?rest_route=%2Fwp%2Fv2%2Ftags&post=86617"}],"curies":[{"name":"wp","href":"https:\/\/api.w.org\/{rel}","templated":true}]}}