{"id":8662,"date":"2020-02-11T21:33:46","date_gmt":"2020-02-12T03:33:46","guid":{"rendered":"http:\/\/www.zonaroja.com.mx\/?p=8662"},"modified":"2020-02-11T21:33:48","modified_gmt":"2020-02-12T03:33:48","slug":"mantiene-la-ddhpo-medidas-cautelares-a-favor-de-maria-elena-rios","status":"publish","type":"post","link":"https:\/\/zonaroja.com.mx\/?p=8662","title":{"rendered":"Mantiene la DDHPO medidas cautelares a favor de Mar\u00eda Elena R\u00edos"},"content":{"rendered":"\n<p>Redacci\u00f3n\/Zona Roja.<\/p>\n\n\n\n<p>Oaxaca de Ju\u00e1rez, Oax., 11 de febrero\nde 2020.- La Defensor\u00eda de los Derechos Humanos del Pueblo de Oaxaca confirm\u00f3\nque se mantienen las medidas cautelares que dict\u00f3 a favor de Mar\u00eda Elena R\u00edos y\nsu familia, desde que los medios de comunicaci\u00f3n dieron a conocer la agresi\u00f3n\nen su contra, en el mes de septiembre de 2019.<\/p>\n\n\n\n<p>Asimismo, en un comunicado, organismo alert\u00f3\nque la difusi\u00f3n de videos, fotograf\u00edas y audios de conversaciones privadas y\/o\nde hechos violentos cometidos contra mujeres, contribuyen a la criminalizaci\u00f3n\nde la propia v\u00edctima.<\/p>\n\n\n\n<p>Lo anterior debido que desde ayer,\npresuntamente allegados al ex diputado local Juan Antonio Vera Carrizal \u2013acusado\nde ser el autor intelectual de la agresi\u00f3n con \u00e1cido hacia la joven\u2014han difundido\na trav\u00e9s de redes sociales videos y audios en que se manifiesta la relaci\u00f3n\nsentimental que ambos sostuvieron.<\/p>\n\n\n\n<p>\u201cEn fechas recientes, por redes\nsociales ha circulado informaci\u00f3n respecto a M.E.R., &nbsp;(Mar\u00eda Elena R\u00edos) mujer agredida con \u00e1cido,\nque adem\u00e1s de ser una invasi\u00f3n a su intimidad, vulnera sus derechos humanos y\nla agreden en el momento en el que ella y su familia se encuentran en b\u00fasqueda\nde justicia\u201d, expuso.<\/p>\n\n\n\n<p>Indic\u00f3 que este tipo de acciones &#8211;en\nlas que se intenta corresponsabilizar a la v\u00edctima de su agresi\u00f3n&#8211;, \u201cforma\nparte de una cultura predominantemente machista que busca generar culpa en la\nv\u00edctima y disminuir el rechazo social hacia el hecho violento, con el objetivo\nde aislarla socialmente por medio de la estigmatizaci\u00f3n y el se\u00f1alamiento para\ndificultar los procesos de recuperaci\u00f3n y acceso a la justicia.<\/p>\n\n\n\n<p>\u201cMientras que, los estereotipos de\ng\u00e9nero favorecen la revictimizaci\u00f3n de las mujeres que han sufrido violencia,\nya que desde la cultura machista se corresponsabilizan y minimizan las\nagresiones\u201d.<\/p>\n\n\n\n<p>La Defensor\u00eda se\u00f1al\u00f3 que estas visiones\nsociales y culturales est\u00e1n presentes tanto en los procesos de atenci\u00f3n en las\ninstituciones p\u00fablicas, as\u00ed como en la forma en la que se transmite la\ninformaci\u00f3n a la sociedad, pues los discursos generados por los estereotipos en\nalgunas ocasiones se reproducen en medios de comunicaci\u00f3n.<\/p>\n\n\n\n<p>Por ello el \u00f3rgano aut\u00f3nomo plantea un\ncambio de paradigma que garantice a las v\u00edctimas la justicia sin\nse\u00f1alamientos,&nbsp; estigmatizaci\u00f3n,\nfiltraciones, ni corresponsabilidad en la violencia de la que fueron objeto.<\/p>\n\n\n\n<p>La sociedad, enfatiz\u00f3 la DDHPO en su\ncomunicado, debe aprender a preservar a la v\u00edctima en un espacio seguro, no\nculpabilizarla o poner en duda y por el contrario, brindarle un entorno seguro\nque permita que tengan una reparaci\u00f3n integral.<\/p>\n","protected":false},"excerpt":{"rendered":"<p>Redacci\u00f3n\/Zona Roja. Oaxaca de Ju\u00e1rez, Oax., 11 de febrero de 2020.- La Defensor\u00eda de los&hellip;<\/p>\n","protected":false},"author":2,"featured_media":8442,"comment_status":"closed","ping_status":"open","sticky":false,"template":"","format":"standard","meta":{"_lmt_disableupdate":"","_lmt_disable":"","_jetpack_memberships_contains_paid_content":false,"footnotes":""},"categories":[109,47],"tags":[286,1124],"class_list":["post-8662","post","type-post","status-publish","format-standard","has-post-thumbnail","hentry","category-minuto-a-minuto","category-zona-gris","tag-defensoria-de-los-derechos-humanos-del-pueblo-de-oaxaca","tag-maria-elena-rios-ortiz"],"jetpack_featured_media_url":"https:\/\/zonaroja.com.mx\/wp-content\/uploads\/2020\/02\/DDHPO-1.png","jetpack_sharing_enabled":true,"_links":{"self":[{"href":"https:\/\/zonaroja.com.mx\/index.php?rest_route=\/wp\/v2\/posts\/8662","targetHints":{"allow":["GET"]}}],"collection":[{"href":"https:\/\/zonaroja.com.mx\/index.php?rest_route=\/wp\/v2\/posts"}],"about":[{"href":"https:\/\/zonaroja.com.mx\/index.php?rest_route=\/wp\/v2\/types\/post"}],"author":[{"embeddable":true,"href":"https:\/\/zonaroja.com.mx\/index.php?rest_route=\/wp\/v2\/users\/2"}],"replies":[{"embeddable":true,"href":"https:\/\/zonaroja.com.mx\/index.php?rest_route=%2Fwp%2Fv2%2Fcomments&post=8662"}],"version-history":[{"count":1,"href":"https:\/\/zonaroja.com.mx\/index.php?rest_route=\/wp\/v2\/posts\/8662\/revisions"}],"predecessor-version":[{"id":8663,"href":"https:\/\/zonaroja.com.mx\/index.php?rest_route=\/wp\/v2\/posts\/8662\/revisions\/8663"}],"wp:featuredmedia":[{"embeddable":true,"href":"https:\/\/zonaroja.com.mx\/index.php?rest_route=\/wp\/v2\/media\/8442"}],"wp:attachment":[{"href":"https:\/\/zonaroja.com.mx\/index.php?rest_route=%2Fwp%2Fv2%2Fmedia&parent=8662"}],"wp:term":[{"taxonomy":"category","embeddable":true,"href":"https:\/\/zonaroja.com.mx\/index.php?rest_route=%2Fwp%2Fv2%2Fcategories&post=8662"},{"taxonomy":"post_tag","embeddable":true,"href":"https:\/\/zonaroja.com.mx\/index.php?rest_route=%2Fwp%2Fv2%2Ftags&post=8662"}],"curies":[{"name":"wp","href":"https:\/\/api.w.org\/{rel}","templated":true}]}}