{"id":86620,"date":"2025-11-06T19:54:57","date_gmt":"2025-11-07T01:54:57","guid":{"rendered":"https:\/\/zonaroja.com.mx\/?p=86620"},"modified":"2025-11-06T19:54:59","modified_gmt":"2025-11-07T01:54:59","slug":"anuncian-construccion-del-distribuidor-vial-monumento-a-juarez","status":"publish","type":"post","link":"https:\/\/zonaroja.com.mx\/?p=86620","title":{"rendered":"Anuncian construcci\u00f3n del Distribuidor Vial Monumento a Ju\u00e1rez"},"content":{"rendered":"\n<p>Redacci\u00f3n\/Zona Roja.&nbsp;<\/p>\n\n\n\n<p>Oaxaca, Oax., a 6 de noviembre de 2025.- El gobernador Salom\u00f3n Jara Cruz anunci\u00f3 la construcci\u00f3n del Distribuidor Vial Monumento a Ju\u00e1rez, ubicado en la carretera federal 190, a la altura de la agencia municipal Trinidad de Viguera, la cual agilizar\u00e1 la conectividad de ingreso y salida a la capital del estado.<\/p>\n\n\n\n<p>Al dar a conocer esta obra, el mandatario estatal se\u00f1al\u00f3 que con esta vialidad se atender\u00e1n como nunca antes las necesidades de la ciudadan\u00eda, mediante una inversi\u00f3n hist\u00f3rica, la cual dignificar\u00e1 el acceso a la ciudad de Oaxaca.<\/p>\n\n\n\n<p>\u201cSe est\u00e1n revisando los \u00faltimos detalles de este proyecto que va a transformar la vialidad y la movilidad de esta zona, lo que permitir\u00e1 importantes beneficios a la poblaci\u00f3n y visitantes. Oaxaca merece esto y m\u00e1s\u201d, destac\u00f3.<\/p>\n\n\n\n<p>En un trabajo conjunto con el municipio de Oaxaca de Ju\u00e1rez, esta infraestructura urbana comprende un paso a desnivel que habilitar\u00e1 ocho carriles; cuatro elevados y cuatro a nivel de piso, adem\u00e1s de una glorieta de flujo continuo de tres carriles.<\/p>\n\n\n\n<p>Con ello, se mejorar\u00e1 el orden y la tranquilidad, ya que ayudar\u00e1 a reducir el embotellamiento vial y reducir\u00e1 los tiempos de traslado, especialmente para las personas que viajan del distrito de Etla y la regi\u00f3n Mixteca, as\u00ed como a Puebla y Ciudad de M\u00e9xico y viceversa.<\/p>\n","protected":false},"excerpt":{"rendered":"<p>Redacci\u00f3n\/Zona Roja.&nbsp; Oaxaca, Oax., a 6 de noviembre de 2025.- El gobernador Salom\u00f3n Jara Cruz&hellip;<\/p>\n","protected":false},"author":2,"featured_media":86621,"comment_status":"closed","ping_status":"open","sticky":false,"template":"","format":"standard","meta":{"_lmt_disableupdate":"","_lmt_disable":"","_jetpack_memberships_contains_paid_content":false,"footnotes":""},"categories":[109,46],"tags":[939],"class_list":["post-86620","post","type-post","status-publish","format-standard","has-post-thumbnail","hentry","category-minuto-a-minuto","category-zona-blanca","tag-salomon-jara-cruz"],"jetpack_featured_media_url":"https:\/\/zonaroja.com.mx\/wp-content\/uploads\/2025\/11\/Libramiento-monumento-a-Juarez-Oaxaca.jpg","jetpack_sharing_enabled":true,"_links":{"self":[{"href":"https:\/\/zonaroja.com.mx\/index.php?rest_route=\/wp\/v2\/posts\/86620","targetHints":{"allow":["GET"]}}],"collection":[{"href":"https:\/\/zonaroja.com.mx\/index.php?rest_route=\/wp\/v2\/posts"}],"about":[{"href":"https:\/\/zonaroja.com.mx\/index.php?rest_route=\/wp\/v2\/types\/post"}],"author":[{"embeddable":true,"href":"https:\/\/zonaroja.com.mx\/index.php?rest_route=\/wp\/v2\/users\/2"}],"replies":[{"embeddable":true,"href":"https:\/\/zonaroja.com.mx\/index.php?rest_route=%2Fwp%2Fv2%2Fcomments&post=86620"}],"version-history":[{"count":1,"href":"https:\/\/zonaroja.com.mx\/index.php?rest_route=\/wp\/v2\/posts\/86620\/revisions"}],"predecessor-version":[{"id":86622,"href":"https:\/\/zonaroja.com.mx\/index.php?rest_route=\/wp\/v2\/posts\/86620\/revisions\/86622"}],"wp:featuredmedia":[{"embeddable":true,"href":"https:\/\/zonaroja.com.mx\/index.php?rest_route=\/wp\/v2\/media\/86621"}],"wp:attachment":[{"href":"https:\/\/zonaroja.com.mx\/index.php?rest_route=%2Fwp%2Fv2%2Fmedia&parent=86620"}],"wp:term":[{"taxonomy":"category","embeddable":true,"href":"https:\/\/zonaroja.com.mx\/index.php?rest_route=%2Fwp%2Fv2%2Fcategories&post=86620"},{"taxonomy":"post_tag","embeddable":true,"href":"https:\/\/zonaroja.com.mx\/index.php?rest_route=%2Fwp%2Fv2%2Ftags&post=86620"}],"curies":[{"name":"wp","href":"https:\/\/api.w.org\/{rel}","templated":true}]}}