{"id":86629,"date":"2025-11-06T21:21:00","date_gmt":"2025-11-07T03:21:00","guid":{"rendered":"https:\/\/zonaroja.com.mx\/?p=86629"},"modified":"2025-11-06T20:24:16","modified_gmt":"2025-11-07T02:24:16","slug":"incierta-la-reubicacion-del-tianguis-del-polideportivo-en-la-ciudad-de-oaxaca","status":"publish","type":"post","link":"https:\/\/zonaroja.com.mx\/?p=86629","title":{"rendered":"Incierta, la reubicaci\u00f3n del tianguis del Polideportivo en la ciudad de Oaxaca\u00a0"},"content":{"rendered":"\n<p>Lisbeth Mej\u00eda Reyes\/Zona Roja.<\/p>\n\n\n\n<p>Oaxaca, Oax., a 6 de noviembre de 2025.- A dos semanas de la confrontaci\u00f3n entre tianguistas y vecinos de las colonias Morelos y Jos\u00e9 Vasconcelos, a\u00fan es incierta la nueva sede del tianguis de los viernes que sol\u00eda estar en la calle Curtidur\u00edas y en Derechos Humanos, ciudad de Oaxaca, pero que tendr\u00e1 que moverse por las obras del complejo Ciudad de los Deportes.<\/p>\n\n\n\n<p>Este jueves, el \u00e1rea que generalmente ocupan los comerciantes ya se encontraba cercada con placas de madera y otras protecciones para las obras del complejo que realizan el gobierno estatal y el empresario Alfredo Harp Hel\u00fa.<\/p>\n\n\n\n<p>El mi\u00e9rcoles, el presidente municipal, Raymundo Chagoya Villanueva, se\u00f1al\u00f3 que se segu\u00edan buscando opciones de reubicaci\u00f3n por parte de la Secretar\u00eda de Gobierno del ayuntamiento como de los propios tianguistas.<\/p>\n\n\n\n<p>Sin embargo, asegur\u00f3 que el nuevo lugar del tianguis ser\u00e1 en un lugar donde no se afecte a terceros.<\/p>\n\n\n\n<p>\u00abNo va a haber ninguna autorizaci\u00f3n si causa molestia. Sabemos que esto (la reubicaci\u00f3n) se debe a la Ciudad de los Deportes, que esta calle (Curtidur\u00edas) va a tener una intervenci\u00f3n amplia y que hay el requerimiento de este espacio comercial. Estamos avanzando, pero no se ha tomado ni se tomar\u00e1 ninguna decisi\u00f3n que afecte a terceros\u00bb, expres\u00f3.<\/p>\n\n\n\n<p>El pasado 24 de octubre, la reubicaci\u00f3n del tianguis en la zona de la colonia Morelos gener\u00f3 la confrontaci\u00f3n entre vecinos y comerciantes.<\/p>\n\n\n\n<p>La protesta de vecinos de las colonias Morelos y Jos\u00e9 Vasconcelos abarc\u00f3 un bloqueo de varias horas en el bulevar Eduardo Vasconcelos, el cual se retir\u00f3 hasta lograr un acuerdo con las autoridades municipales, estatales y comerciantes para que estos \u00faltimos no se instalen en estas colonias.<\/p>\n\n\n\n<p>En tanto, los comerciantes volvieron a la calle de Curtidur\u00edas, en medio de las obras. Sin embargo, hasta este jueves es incierta su reubicaci\u00f3n.<\/p>\n","protected":false},"excerpt":{"rendered":"<p>Lisbeth Mej\u00eda Reyes\/Zona Roja. Oaxaca, Oax., a 6 de noviembre de 2025.- A dos semanas&hellip;<\/p>\n","protected":false},"author":2,"featured_media":86630,"comment_status":"closed","ping_status":"open","sticky":false,"template":"","format":"standard","meta":{"_lmt_disableupdate":"","_lmt_disable":"","_jetpack_memberships_contains_paid_content":false,"footnotes":""},"categories":[109,47],"tags":[148],"class_list":["post-86629","post","type-post","status-publish","format-standard","has-post-thumbnail","hentry","category-minuto-a-minuto","category-zona-gris","tag-oaxaca-de-juarez"],"jetpack_featured_media_url":"https:\/\/zonaroja.com.mx\/wp-content\/uploads\/2025\/11\/Calle-Curtidurias-tianquis-Oaxaca.jpg","jetpack_sharing_enabled":true,"_links":{"self":[{"href":"https:\/\/zonaroja.com.mx\/index.php?rest_route=\/wp\/v2\/posts\/86629","targetHints":{"allow":["GET"]}}],"collection":[{"href":"https:\/\/zonaroja.com.mx\/index.php?rest_route=\/wp\/v2\/posts"}],"about":[{"href":"https:\/\/zonaroja.com.mx\/index.php?rest_route=\/wp\/v2\/types\/post"}],"author":[{"embeddable":true,"href":"https:\/\/zonaroja.com.mx\/index.php?rest_route=\/wp\/v2\/users\/2"}],"replies":[{"embeddable":true,"href":"https:\/\/zonaroja.com.mx\/index.php?rest_route=%2Fwp%2Fv2%2Fcomments&post=86629"}],"version-history":[{"count":1,"href":"https:\/\/zonaroja.com.mx\/index.php?rest_route=\/wp\/v2\/posts\/86629\/revisions"}],"predecessor-version":[{"id":86631,"href":"https:\/\/zonaroja.com.mx\/index.php?rest_route=\/wp\/v2\/posts\/86629\/revisions\/86631"}],"wp:featuredmedia":[{"embeddable":true,"href":"https:\/\/zonaroja.com.mx\/index.php?rest_route=\/wp\/v2\/media\/86630"}],"wp:attachment":[{"href":"https:\/\/zonaroja.com.mx\/index.php?rest_route=%2Fwp%2Fv2%2Fmedia&parent=86629"}],"wp:term":[{"taxonomy":"category","embeddable":true,"href":"https:\/\/zonaroja.com.mx\/index.php?rest_route=%2Fwp%2Fv2%2Fcategories&post=86629"},{"taxonomy":"post_tag","embeddable":true,"href":"https:\/\/zonaroja.com.mx\/index.php?rest_route=%2Fwp%2Fv2%2Ftags&post=86629"}],"curies":[{"name":"wp","href":"https:\/\/api.w.org\/{rel}","templated":true}]}}