{"id":86632,"date":"2025-11-07T07:15:00","date_gmt":"2025-11-07T13:15:00","guid":{"rendered":"https:\/\/zonaroja.com.mx\/?p=86632"},"modified":"2025-11-07T06:08:15","modified_gmt":"2025-11-07T12:08:15","slug":"entregan-apoyos-alimentarios-y-lentes-a-familias-de-oaxaca-de-juarez","status":"publish","type":"post","link":"https:\/\/zonaroja.com.mx\/?p=86632","title":{"rendered":"Entregan apoyos alimentarios y lentes a familias de Oaxaca de Ju\u00e1rez"},"content":{"rendered":"\n<p>Redacci\u00f3n\/Zona Roja.<\/p>\n\n\n\n<p>Oaxaca, Oax., a 7 de noviembre de 2025.\u2013 Con el prop\u00f3sito de fortalecer la alimentaci\u00f3n, la salud visual y el bienestar integral de las familias capitalinas, el Sistema DIF Municipal de Oaxaca de Ju\u00e1rez, encabezado por Gaby Garc\u00eda, acompa\u00f1\u00f3 la gira de trabajo del DIF Estatal Oaxaca, presidido por su presidenta honoraria, Irma Bola\u00f1os Quijano, en diversas agencias municipales de la capital.<\/p>\n\n\n\n<p>Durante esta jornada, bajo el lema \u201cNutrir con amor\u201d, se realizaron entregas de dotaciones alimentarias del programa \u201cItacate de mi coraz\u00f3n\u201d, despensas emergentes y lentes para vista cansada, beneficiando a cientos de vecinas y vecinos de Guadalupe Victoria, Dolores, Santa Rosa Panzacola y San Juan Chapultepec.<\/p>\n\n\n\n<p>En la cancha del Ejido Guadalupe Victoria, se inici\u00f3 la entrega de apoyos del programa \u201cItacate de mi coraz\u00f3n\u201d. Posteriormente, en la Agencia de Dolores, 103 personas recibieron sus dotaciones alimentarias, mientras que en Santa Rosa Panzacola, se benefici\u00f3 a m\u00e1s de 100 habitantes de las colonias Neza Cubi y Adolfo L\u00f3pez Mateos. La gira concluy\u00f3 en San Juan Chapultepec, con la entrega de despensas emergentes gratuitas.<\/p>\n\n\n\n<p>La presidenta del DIF Municipal, Gaby Garc\u00eda, destac\u00f3 que estas acciones conjuntas con el Gobierno del Estado reafirman el compromiso de atender de manera directa a los grupos prioritarios, llevando programas que impactan de forma positiva en la nutrici\u00f3n y la calidad de vida de las familias oaxaque\u00f1as.<\/p>\n\n\n\n<p>Asimismo, record\u00f3 que el DIF Municipal contin\u00faa promoviendo jornadas m\u00e9dicas especializadas, como las de pr\u00f3tesis oculares, pr\u00f3tesis dentales y atenci\u00f3n de paladar hendido, en coordinaci\u00f3n con el DIF Estatal, para que las y los habitantes de Oaxaca de Ju\u00e1rez accedan a servicios de salud integrales.<\/p>\n","protected":false},"excerpt":{"rendered":"<p>Redacci\u00f3n\/Zona Roja. Oaxaca, Oax., a 7 de noviembre de 2025.\u2013 Con el prop\u00f3sito de fortalecer&hellip;<\/p>\n","protected":false},"author":2,"featured_media":86633,"comment_status":"closed","ping_status":"open","sticky":false,"template":"","format":"standard","meta":{"_lmt_disableupdate":"","_lmt_disable":"","_jetpack_memberships_contains_paid_content":false,"footnotes":""},"categories":[109,46],"tags":[148],"class_list":["post-86632","post","type-post","status-publish","format-standard","has-post-thumbnail","hentry","category-minuto-a-minuto","category-zona-blanca","tag-oaxaca-de-juarez"],"jetpack_featured_media_url":"https:\/\/zonaroja.com.mx\/wp-content\/uploads\/2025\/11\/DIF-municipal-Oaxaca-apoyos.jpg","jetpack_sharing_enabled":true,"_links":{"self":[{"href":"https:\/\/zonaroja.com.mx\/index.php?rest_route=\/wp\/v2\/posts\/86632","targetHints":{"allow":["GET"]}}],"collection":[{"href":"https:\/\/zonaroja.com.mx\/index.php?rest_route=\/wp\/v2\/posts"}],"about":[{"href":"https:\/\/zonaroja.com.mx\/index.php?rest_route=\/wp\/v2\/types\/post"}],"author":[{"embeddable":true,"href":"https:\/\/zonaroja.com.mx\/index.php?rest_route=\/wp\/v2\/users\/2"}],"replies":[{"embeddable":true,"href":"https:\/\/zonaroja.com.mx\/index.php?rest_route=%2Fwp%2Fv2%2Fcomments&post=86632"}],"version-history":[{"count":1,"href":"https:\/\/zonaroja.com.mx\/index.php?rest_route=\/wp\/v2\/posts\/86632\/revisions"}],"predecessor-version":[{"id":86634,"href":"https:\/\/zonaroja.com.mx\/index.php?rest_route=\/wp\/v2\/posts\/86632\/revisions\/86634"}],"wp:featuredmedia":[{"embeddable":true,"href":"https:\/\/zonaroja.com.mx\/index.php?rest_route=\/wp\/v2\/media\/86633"}],"wp:attachment":[{"href":"https:\/\/zonaroja.com.mx\/index.php?rest_route=%2Fwp%2Fv2%2Fmedia&parent=86632"}],"wp:term":[{"taxonomy":"category","embeddable":true,"href":"https:\/\/zonaroja.com.mx\/index.php?rest_route=%2Fwp%2Fv2%2Fcategories&post=86632"},{"taxonomy":"post_tag","embeddable":true,"href":"https:\/\/zonaroja.com.mx\/index.php?rest_route=%2Fwp%2Fv2%2Ftags&post=86632"}],"curies":[{"name":"wp","href":"https:\/\/api.w.org\/{rel}","templated":true}]}}