{"id":86638,"date":"2025-11-07T09:15:00","date_gmt":"2025-11-07T15:15:00","guid":{"rendered":"https:\/\/zonaroja.com.mx\/?p=86638"},"modified":"2025-11-07T07:49:49","modified_gmt":"2025-11-07T13:49:49","slug":"reconoce-senador-modelo-para-atender-desplazamiento-forzado-en-oaxaca","status":"publish","type":"post","link":"https:\/\/zonaroja.com.mx\/?p=86638","title":{"rendered":"Reconoce senador modelo para atender desplazamiento forzado en Oaxaca"},"content":{"rendered":"\n<p>Redacci\u00f3n\/Zona Roja Cdmx.<\/p>\n\n\n\n<p>Ciudad de M\u00e9xico, a 7 de noviembre de 2025.- El legislador oaxaque\u00f1o Antonino Morales Toledo propondr\u00e1 un punto de acuerdo para que el Senado de la Rep\u00fablica reconozca el retorno seguro, voluntario y digno de 102 familias a la comunidad de Guadalupe Victoria, municipio de San Juan Juquila Mixes, Oaxaca, tras m\u00e1s de siete a\u00f1os de desplazamiento forzado a causa de la violencia intercomunitaria.&nbsp;<\/p>\n\n\n\n<p>Un total de 102 familias debieron abandonar sus hogares y este proceso inicia con el regreso de las primeras 63, mientras que las dem\u00e1s lo har\u00e1n de forma gradual.<\/p>\n\n\n\n<p>El legislador zapoteco destac\u00f3 que este proceso es el primero en el pa\u00eds que se realiza de manera planeada y bajo los principios rectores de la Organizaci\u00f3n de las Naciones Unidas, estableciendo nuevos est\u00e1ndares.&nbsp;<\/p>\n\n\n\n<p>La solidez del \u00abPlan Retorno Asistido\u00bb radica en sus principios de voluntariedad, igualdad, interculturalidad y car\u00e1cter estrictamente pac\u00edfico, garantizando un reintegro pleno a la comunidad.<\/p>\n\n\n\n<p>Este hecho, impulsado por el gobierno de Salom\u00f3n Jara Cruz, representa un hito en la restauraci\u00f3n de los derechos humanos para las v\u00edctimas de desplazamiento interno en M\u00e9xico.&nbsp;<\/p>\n\n\n\n<p>El senador lo calific\u00f3 como \u00abun parteaguas que cierra el ciclo de abandono de gobiernos anteriores e inaugura una etapa de esperanza, priorizando el di\u00e1logo, la paz y la justicia social\u00bb, destac\u00f3 Nino Morales.<\/p>\n\n\n\n<p>La relevancia de este modelo fue reconocida por Daniel MacGuire, Oficial Principal de Protecci\u00f3n de la Agencia de la ONU para los Refugiados (ACNUR), quien lo catalog\u00f3 como una buena pr\u00e1ctica replicable a nivel nacional e internacional.<\/p>\n\n\n\n<p>Para asegurar la paz y armon\u00eda a largo plazo, el gobernador de Oaxaca instruy\u00f3 la instalaci\u00f3n de la Comisi\u00f3n de Paz y Acompa\u00f1amiento al Proceso de Retorno, un \u00f3rgano que facilitar\u00e1 la mediaci\u00f3n y prevendr\u00e1 futuros conflictos. Esta comisi\u00f3n es fundamental para resolver los 23 casos de desplazamiento forzado heredados de administraciones pasadas.<\/p>\n\n\n\n<p>El legislador federal enfatiz\u00f3 que este caso exitoso materializa el compromiso del expresidente Andr\u00e9s Manuel L\u00f3pez Obrador y del gobernador Salom\u00f3n Jara, cuya iniciativa de Ley para Prevenir, Atender y Reparar Integralmente el Desplazamiento Forzado Interno provee el marco legal para erradicar la impunidad.<\/p>\n\n\n\n<p>\u201cCon este acto, el gobierno de la Cuarta Transformaci\u00f3n en Oaxaca demuestra que, con voluntad pol\u00edtica y trabajo en unidad con las comunidades, se pueden sanar las heridas del pasado y edificar un futuro de justicia y armon\u00eda comunitaria para todos\u201d, concluy\u00f3 Nino Morales.<\/p>\n","protected":false},"excerpt":{"rendered":"<p>Redacci\u00f3n\/Zona Roja Cdmx. Ciudad de M\u00e9xico, a 7 de noviembre de 2025.- El legislador oaxaque\u00f1o&hellip;<\/p>\n","protected":false},"author":2,"featured_media":83191,"comment_status":"closed","ping_status":"open","sticky":false,"template":"","format":"standard","meta":{"_lmt_disableupdate":"","_lmt_disable":"","_jetpack_memberships_contains_paid_content":false,"footnotes":""},"categories":[109,46],"tags":[180],"class_list":["post-86638","post","type-post","status-publish","format-standard","has-post-thumbnail","hentry","category-minuto-a-minuto","category-zona-blanca","tag-antonino-morales-toledo"],"jetpack_featured_media_url":"https:\/\/zonaroja.com.mx\/wp-content\/uploads\/2025\/08\/Antonino-Morales-T.jpg","jetpack_sharing_enabled":true,"_links":{"self":[{"href":"https:\/\/zonaroja.com.mx\/index.php?rest_route=\/wp\/v2\/posts\/86638","targetHints":{"allow":["GET"]}}],"collection":[{"href":"https:\/\/zonaroja.com.mx\/index.php?rest_route=\/wp\/v2\/posts"}],"about":[{"href":"https:\/\/zonaroja.com.mx\/index.php?rest_route=\/wp\/v2\/types\/post"}],"author":[{"embeddable":true,"href":"https:\/\/zonaroja.com.mx\/index.php?rest_route=\/wp\/v2\/users\/2"}],"replies":[{"embeddable":true,"href":"https:\/\/zonaroja.com.mx\/index.php?rest_route=%2Fwp%2Fv2%2Fcomments&post=86638"}],"version-history":[{"count":1,"href":"https:\/\/zonaroja.com.mx\/index.php?rest_route=\/wp\/v2\/posts\/86638\/revisions"}],"predecessor-version":[{"id":86639,"href":"https:\/\/zonaroja.com.mx\/index.php?rest_route=\/wp\/v2\/posts\/86638\/revisions\/86639"}],"wp:featuredmedia":[{"embeddable":true,"href":"https:\/\/zonaroja.com.mx\/index.php?rest_route=\/wp\/v2\/media\/83191"}],"wp:attachment":[{"href":"https:\/\/zonaroja.com.mx\/index.php?rest_route=%2Fwp%2Fv2%2Fmedia&parent=86638"}],"wp:term":[{"taxonomy":"category","embeddable":true,"href":"https:\/\/zonaroja.com.mx\/index.php?rest_route=%2Fwp%2Fv2%2Fcategories&post=86638"},{"taxonomy":"post_tag","embeddable":true,"href":"https:\/\/zonaroja.com.mx\/index.php?rest_route=%2Fwp%2Fv2%2Ftags&post=86638"}],"curies":[{"name":"wp","href":"https:\/\/api.w.org\/{rel}","templated":true}]}}