{"id":8664,"date":"2020-02-11T22:22:44","date_gmt":"2020-02-12T04:22:44","guid":{"rendered":"http:\/\/www.zonaroja.com.mx\/?p=8664"},"modified":"2020-02-11T22:32:49","modified_gmt":"2020-02-12T04:32:49","slug":"anuncia-infonavit-oaxaca-nuevos-esquemas-para-acceder-a-la-vivienda","status":"publish","type":"post","link":"https:\/\/zonaroja.com.mx\/?p=8664","title":{"rendered":"Anuncia Infonavit Oaxaca nuevos esquemas para acceder a la vivienda"},"content":{"rendered":"\n<p>Evlin Arag\u00f3n\/Zona Roja.<\/p>\n\n\n\n<p>Oaxaca de Ju\u00e1rez, Oax., 11 de febrero\nde 2020.- El director en Oaxaca del Instituto de Fondo Nacional de la Vivienda\npara los Trabajadores (Infonavit), Juan P\u00e9rez Miranda, dio a conocer que solo\nun siete por ciento de los 26 mil 581 trabajadores y trabajadoras que cotizan,\nse encuentran actualmente en cartera vencida, ello en el marco de la\npresentaci\u00f3n de los nuevos sistemas de financiamiento para que todo tipo de\nfamilias puedan adquirir una vivienda.<\/p>\n\n\n\n<p>Asimismo, en la conferencia de prensa\nde este martes, afirm\u00f3 desconocer la informaci\u00f3n sobre el presunto desfalco al\ninterior de la dependencia durante la gesti\u00f3n de Alejandro Murat Hinojosa, dado\na conocer en la \u201cma\u00f1anera\u201d del Presidente Andr\u00e9s Manuel L\u00f3pez Obrador.<\/p>\n\n\n\n<p>El funcionario detall\u00f3 que ser\u00e1n mil\n170 viviendas la que se ofertar\u00e1n en beneficio de la poblaci\u00f3n oaxaque\u00f1a\ndurante este 2020; lo anterior mediante el arranque de nuevos programas como\n\u201cUnamos Cr\u00e9ditos\u201d y \u201cCr\u00e9dito para Trabajadores Agr\u00edcolas\u201d, as\u00ed como la\nflexibilizaci\u00f3n de la subcuenta de vivienda.<\/p>\n\n\n\n<p>\u201cNuestro objetivo en el Infonavit es\nser un aliado en el bienestar de los trabajadores, reconoci\u00e9ndolos como due\u00f1os\nde su patrimonio, queremos recobrar la cercan\u00eda con las y los trabajadores y\nque sepan que tienen&nbsp; un aliado para\nadquirir una vivienda digna\u201d, dijo.<\/p>\n\n\n\n<p>Explic\u00f3 que el programa \u201cUnamos\nCr\u00e9ditos\u201d pretende que personas sin relaci\u00f3n jur\u00eddica alguna, unan sus cr\u00e9ditos\ny accedan a un monto mayor para la adquisici\u00f3n de una vivienda acorde a sus\nnecesidades; con esto padres e hijos, parejas sentimentales e incluso amigas y\namigos pueden adquirir un bien com\u00fan.<\/p>\n\n\n\n<p>Mientras que el programa \u201cCr\u00e9dito para\nTrabajadores Agr\u00edcolas\u201d pretende beneficiar a las y los trabajadores del campo\nque no cuentan con cotizaci\u00f3n al Infonavit, por lo que ya se elabora un esquema\nen respaldo con la Sociedad Hipotecaria Federal para que pueden atender la\ndemanda de este segmento de la poblaci\u00f3n.<\/p>\n\n\n\n<p>Finalmente, mediante la flexibilizaci\u00f3n\nde la subcuenta, personas que alg\u00fan momento cotizaron en el Infonavit pero por\nalguna circunstancia no siguieron aportando, podr\u00e1n hacer uso del recurso como\nenganche para una vivienda, esto en beneficio de un mill\u00f3n 100 mil\nderechohabientes no activos, quienes podr\u00e1n acceder a una vivienda digna.<\/p>\n\n\n\n<p>El funcionario aprovech\u00f3 para dar a conocer\nque durante el 2019 y con el respaldo de los diferentes programas habilitados,\nse atendi\u00f3 a&nbsp; 30 mil 086 usuarias y\nusuarios, de los cuales se benefici\u00f3 a 11 mil 560 derechohabientes, con una\nderrama econ\u00f3mica de 565 millones 800 mil pesos.<\/p>\n\n\n\n<p>En este sentido destac\u00f3 los programas\npara apoyar a quienes menos tienen y m\u00e1s lo necesitan como son: Responsabilidad\nCompartida, 90\/10, Soluciones de Pago y Devoluci\u00f3n de SubCuenta de Vivienda,\npor medio de las cuales han ayudado a las personas a conservar su patrimonio.<\/p>\n\n\n\n<p>Al respecto el Programa 90\/10 premi\u00f3 el\npago puntual de 413 familias, las cuales a base de esfuerzo cumplieron con el\ndep\u00f3sito del 90 por ciento de su cr\u00e9dito por lo que se le condon\u00f3 el 10 por\nciento restante; y 4 mil 254 personas pudieron conservar su patrimonio debido a\nlas soluciones accesibles de pago.<\/p>\n\n\n\n<p>Mientras que a 2 mil 900 personas se\nles devolvi\u00f3 el dinero que manten\u00edan en su subcuenta, ya sea por no ejercer el\ncr\u00e9dito o por concluir su etapa laboral y dejar de cotizar en el Infonavit.<\/p>\n","protected":false},"excerpt":{"rendered":"<p>Evlin Arag\u00f3n\/Zona Roja. Oaxaca de Ju\u00e1rez, Oax., 11 de febrero de 2020.- El director en&hellip;<\/p>\n","protected":false},"author":2,"featured_media":8665,"comment_status":"closed","ping_status":"open","sticky":false,"template":"","format":"standard","meta":{"_lmt_disableupdate":"","_lmt_disable":"","_jetpack_memberships_contains_paid_content":false,"footnotes":""},"categories":[109,46],"tags":[1359],"class_list":["post-8664","post","type-post","status-publish","format-standard","has-post-thumbnail","hentry","category-minuto-a-minuto","category-zona-blanca","tag-invonavit-oaxaca"],"jetpack_featured_media_url":"https:\/\/zonaroja.com.mx\/wp-content\/uploads\/2020\/02\/Conferencia-Infonavit.jpg","jetpack_sharing_enabled":true,"_links":{"self":[{"href":"https:\/\/zonaroja.com.mx\/index.php?rest_route=\/wp\/v2\/posts\/8664","targetHints":{"allow":["GET"]}}],"collection":[{"href":"https:\/\/zonaroja.com.mx\/index.php?rest_route=\/wp\/v2\/posts"}],"about":[{"href":"https:\/\/zonaroja.com.mx\/index.php?rest_route=\/wp\/v2\/types\/post"}],"author":[{"embeddable":true,"href":"https:\/\/zonaroja.com.mx\/index.php?rest_route=\/wp\/v2\/users\/2"}],"replies":[{"embeddable":true,"href":"https:\/\/zonaroja.com.mx\/index.php?rest_route=%2Fwp%2Fv2%2Fcomments&post=8664"}],"version-history":[{"count":1,"href":"https:\/\/zonaroja.com.mx\/index.php?rest_route=\/wp\/v2\/posts\/8664\/revisions"}],"predecessor-version":[{"id":8666,"href":"https:\/\/zonaroja.com.mx\/index.php?rest_route=\/wp\/v2\/posts\/8664\/revisions\/8666"}],"wp:featuredmedia":[{"embeddable":true,"href":"https:\/\/zonaroja.com.mx\/index.php?rest_route=\/wp\/v2\/media\/8665"}],"wp:attachment":[{"href":"https:\/\/zonaroja.com.mx\/index.php?rest_route=%2Fwp%2Fv2%2Fmedia&parent=8664"}],"wp:term":[{"taxonomy":"category","embeddable":true,"href":"https:\/\/zonaroja.com.mx\/index.php?rest_route=%2Fwp%2Fv2%2Fcategories&post=8664"},{"taxonomy":"post_tag","embeddable":true,"href":"https:\/\/zonaroja.com.mx\/index.php?rest_route=%2Fwp%2Fv2%2Ftags&post=8664"}],"curies":[{"name":"wp","href":"https:\/\/api.w.org\/{rel}","templated":true}]}}