{"id":86642,"date":"2025-11-07T11:15:00","date_gmt":"2025-11-07T17:15:00","guid":{"rendered":"https:\/\/zonaroja.com.mx\/?p=86642"},"modified":"2025-11-07T07:55:36","modified_gmt":"2025-11-07T13:55:36","slug":"reconoce-oaxaca-a-seleccionados-como-tesoros-humanos-vivos-2025","status":"publish","type":"post","link":"https:\/\/zonaroja.com.mx\/?p=86642","title":{"rendered":"Reconoce Oaxaca a seleccionados como \u201cTesoros Humanos Vivos 2025\u201d"},"content":{"rendered":"\n<p>Redacci\u00f3n\/Zona Roja.&nbsp;<\/p>\n\n\n\n<p>Oaxaca, Oax., a 7 de noviembre de 2025.- El Gobierno del Estado a trav\u00e9s de la Secretar\u00eda de Culturas y Artes (Seculta) entreg\u00f3 reconocimientos y est\u00edmulos econ\u00f3micos de 70 mil pesos, a las personas seleccionadas como \u201cTesoros Humanos Vivos 2025: Guardianes del Patrimonio Cultural de Oaxaca\u201d.<\/p>\n\n\n\n<p>En el Museo de los Pintores Oaxaque\u00f1os (Mupo), se distingui\u00f3 a quienes con sus conocimientos y acciones mantienen viva la herencia cultural de sus comunidades; impulsado por el Programa de Apoyo a Instituciones Estatales de Cultura (AIEC 2025) de la Secretar\u00eda de Cultura del Gobierno de M\u00e9xico.<\/p>\n\n\n\n<p>Durante su intervenci\u00f3n, el titular de Seculta, Flavio Sosa Villavicencio destac\u00f3 que este reconocimiento representa un acto de justicia y gratitud a quienes han dedicado su vida a preservar y transmitir los saberes y tradiciones que conforman la identidad cultural de Oaxaca. \u201cEllas y ellos son verdaderos guardianes de nuestro patrimonio inmaterial\u201d, dijo.<\/p>\n\n\n\n<p>En esta edici\u00f3n se reconoci\u00f3 como Tesoros Humanos Vivos a: Cirenio S\u00e1nchez, de Santos Reyes Nopala, regi\u00f3n Costa, por sus expresiones musicales; Silvino Lezama, de Santos Reyes P\u00e1palo, de Sierra de Flores Mag\u00f3n, por su contribuci\u00f3n en la oralidad, lengua ind\u00edgena y rituales.<\/p>\n\n\n\n<p>Tambi\u00e9n a Eva Castellanos Aguilar, de San Juan Quiotepec, Sierra de Ju\u00e1rez, por sus saberes en medicina tradicional y t\u00e9cnicas artesanales; y a Joaqu\u00edn Hern\u00e1ndez Garc\u00eda, de Concepci\u00f3n Carrizal, Santiago Juxtlahuaca, regi\u00f3n Mixteca, por su labor en la m\u00fasica y tradiciones.<\/p>\n\n\n\n<p>Por sus t\u00e9cnicas artesanales a Rufina Mart\u00ednez D\u00edaz, de Santa Mar\u00eda Tlahuitoltepec, Sierra de Ju\u00e1rez; Lucina Manuel Cruz, de Rancho Grande, San Juan Bautista Valle Nacional, Cuenca del Papaloapan; y F\u00e9lix Ruiz, de Los Pozuelos, Santa Cruz Zenzontepec, Sierra Sur.<\/p>\n\n\n\n<p>Adem\u00e1s, a Elizabeth Angelina Garc\u00eda Mart\u00ednez, de San Juan Bautista Valle Nacional, Cuenca del Papaloapan, por sus aportes en t\u00e9cnicas artesanales; Baltazar Alejandro Mendoza, de Santa Mar\u00eda Huazolotitl\u00e1n, Costa, por su pr\u00e1ctica en la oralidad; y Tranquilino Cavero Ram\u00edrez, de San Pedro del R\u00edo, Santa Cruz Zenzontepec, Sierra Sur, por su trabajo en la preservaci\u00f3n de las lenguas ind\u00edgenas.<\/p>\n","protected":false},"excerpt":{"rendered":"<p>Redacci\u00f3n\/Zona Roja.&nbsp; Oaxaca, Oax., a 7 de noviembre de 2025.- El Gobierno del Estado a&hellip;<\/p>\n","protected":false},"author":2,"featured_media":86643,"comment_status":"closed","ping_status":"open","sticky":false,"template":"","format":"standard","meta":{"_lmt_disableupdate":"","_lmt_disable":"","_jetpack_memberships_contains_paid_content":false,"footnotes":""},"categories":[109,46],"tags":[3368],"class_list":["post-86642","post","type-post","status-publish","format-standard","has-post-thumbnail","hentry","category-minuto-a-minuto","category-zona-blanca","tag-secretaria-de-las-culturas-seculta"],"jetpack_featured_media_url":"https:\/\/zonaroja.com.mx\/wp-content\/uploads\/2025\/11\/Reconoce-Seculta-a-personas-seleccionadas-de-Tesoros-Humanos-Vivos-2025-2.jpg","jetpack_sharing_enabled":true,"_links":{"self":[{"href":"https:\/\/zonaroja.com.mx\/index.php?rest_route=\/wp\/v2\/posts\/86642","targetHints":{"allow":["GET"]}}],"collection":[{"href":"https:\/\/zonaroja.com.mx\/index.php?rest_route=\/wp\/v2\/posts"}],"about":[{"href":"https:\/\/zonaroja.com.mx\/index.php?rest_route=\/wp\/v2\/types\/post"}],"author":[{"embeddable":true,"href":"https:\/\/zonaroja.com.mx\/index.php?rest_route=\/wp\/v2\/users\/2"}],"replies":[{"embeddable":true,"href":"https:\/\/zonaroja.com.mx\/index.php?rest_route=%2Fwp%2Fv2%2Fcomments&post=86642"}],"version-history":[{"count":1,"href":"https:\/\/zonaroja.com.mx\/index.php?rest_route=\/wp\/v2\/posts\/86642\/revisions"}],"predecessor-version":[{"id":86644,"href":"https:\/\/zonaroja.com.mx\/index.php?rest_route=\/wp\/v2\/posts\/86642\/revisions\/86644"}],"wp:featuredmedia":[{"embeddable":true,"href":"https:\/\/zonaroja.com.mx\/index.php?rest_route=\/wp\/v2\/media\/86643"}],"wp:attachment":[{"href":"https:\/\/zonaroja.com.mx\/index.php?rest_route=%2Fwp%2Fv2%2Fmedia&parent=86642"}],"wp:term":[{"taxonomy":"category","embeddable":true,"href":"https:\/\/zonaroja.com.mx\/index.php?rest_route=%2Fwp%2Fv2%2Fcategories&post=86642"},{"taxonomy":"post_tag","embeddable":true,"href":"https:\/\/zonaroja.com.mx\/index.php?rest_route=%2Fwp%2Fv2%2Ftags&post=86642"}],"curies":[{"name":"wp","href":"https:\/\/api.w.org\/{rel}","templated":true}]}}