{"id":86649,"date":"2025-11-07T14:12:00","date_gmt":"2025-11-07T20:12:00","guid":{"rendered":"https:\/\/zonaroja.com.mx\/?p=86649"},"modified":"2025-11-07T08:53:01","modified_gmt":"2025-11-07T14:53:01","slug":"opinion-discurso-de-odio-y-la-reforma-al-articulo-16-de-la-ley-de-asociaciones-religiosas","status":"publish","type":"post","link":"https:\/\/zonaroja.com.mx\/?p=86649","title":{"rendered":"Opini\u00f3n. Discurso de odio y la reforma al art\u00edculo 16 de la Ley de Asociaciones Religiosas"},"content":{"rendered":"\n<p>Porfirio Flores*<\/p>\n\n\n\n<p>El 28 de octubre pasado, el diputado federal por Morena, Arturo \u00c1vila Anaya, present\u00f3 la iniciativa con proyecto de decreto para adicionar un tercer p\u00e1rrafo al art\u00edculo 16 de la Ley de Asociaciones Religiosas y Culto P\u00fablico en materia de derechos digitales, neutralidad de la red y prevenci\u00f3n del discurso de odio.&nbsp;<\/p>\n\n\n\n<p>La iniciativa va dirigida a las asociaciones que cuenten con plataformas digitales, es decir que regularmente transmitan en canales de internet como YouTube, Facebook, X (antes Twitter), TikTok y todos los medios en el ciberespacio para regular contenidos y ajustarlos a lineamientos que garanticen el respeto a la dignidad humana.&nbsp;<\/p>\n\n\n\n<p>La reforma despierta suspicacias porque en lugar de colocarla en instrumentos legales como en la ley para prevenir y eliminar la discriminaci\u00f3n o la ley de telecomunicaciones, la ubica en la ley de asociaciones religiosas cuando el tema de discurso de odio en internet no es un tema exclusivo de ministros de culto o&nbsp; asociaciones religiosas. Ata\u00f1e a toda la sociedad.<\/p>\n\n\n\n<p>La iniciativa ha despertado el enfado de actores del espectro evang\u00e9lico que consideran la propuesta legislativa como un ataque vedado a la libertad de expresi\u00f3n de los ministros de culto, sobre todo en lo referente al posicionamiento que tradicionalmente ha tenido la iglesia evang\u00e9lica con respecto a la comunidad LGTB+.<\/p>\n\n\n\n<p>Los integrantes de esa comunidad y sus simpatizantes blanden reiteradamente el concepto de discurso de odio cuando piensan que alguna posici\u00f3n o expresi\u00f3n vulnera su ideolog\u00eda. La Biblia, instrumento de la labor de los ministros de culto, es clara con respecto a la moralidad y sexualidad y no van a renunciar nunca a su contenido.<\/p>\n\n\n\n<p>Me parece que es loable detener los discursos ofensivos dirigidos a un grupo o individuo porque se basa en caracter\u00edsticas como raza, religi\u00f3n o el g\u00e9nero y que puede poner en peligro la paz social, pero no en un cuerpo legal que tiene sujetos que padecen el mal que se trata de combatir.&nbsp;<\/p>\n\n\n\n<p>La propuesta es plausible, pero debe concentrarse con todos los actores sociales. Porque es indiscutible que tambi\u00e9n de parte de la comunidad LGTB+ hay discursos de odio.<\/p>\n\n\n\n<p>Es un verdadero desprop\u00f3sito insinuar que hay violencia verbal en pastores, sacerdotes, imanes, elders y todos los l\u00edderes que tienen las asociaciones religiosas, si al contrario, muchos grupos religiosos padecen discursos de odio que se materializan en expulsiones y desplazamientos, basta echarle un vistazo al tema en Oaxaca. &nbsp;<\/p>\n\n\n\n<p>El diputado Arturo \u00c1vila se ha equivocado en la forma. La idea de combatir el discurso de odio es fabulosa, pero debe hacerse de una forma tal que se involucre a todos los actores sociales de este M\u00e9xico que se violenta un d\u00eda s\u00ed y otro tambi\u00e9n, pero aplicarlo a gente de paz es una contradicci\u00f3n absurda e inaceptable.&nbsp;<\/p>\n\n\n\n<p>Buscar discursos de odio donde no los hay me recuerda la sentencia b\u00edblica: cuelan el mosquito y se tragan el camello.<\/p>\n\n\n\n<p>*Abogado y ministro de la iglesia evang\u00e9lica.<\/p>\n","protected":false},"excerpt":{"rendered":"<p>Porfirio Flores* El 28 de octubre pasado, el diputado federal por Morena, Arturo \u00c1vila Anaya,&hellip;<\/p>\n","protected":false},"author":2,"featured_media":86650,"comment_status":"closed","ping_status":"open","sticky":false,"template":"","format":"standard","meta":{"_lmt_disableupdate":"","_lmt_disable":"","_jetpack_memberships_contains_paid_content":false,"footnotes":""},"categories":[456,109],"tags":[2515],"class_list":["post-86649","post","type-post","status-publish","format-standard","has-post-thumbnail","hentry","category-columna","category-minuto-a-minuto","tag-porfirio-flores-zuniga"],"jetpack_featured_media_url":"https:\/\/zonaroja.com.mx\/wp-content\/uploads\/2025\/11\/Ley-de-Asociaciones-y-Culto-Religioso.png","jetpack_sharing_enabled":true,"_links":{"self":[{"href":"https:\/\/zonaroja.com.mx\/index.php?rest_route=\/wp\/v2\/posts\/86649","targetHints":{"allow":["GET"]}}],"collection":[{"href":"https:\/\/zonaroja.com.mx\/index.php?rest_route=\/wp\/v2\/posts"}],"about":[{"href":"https:\/\/zonaroja.com.mx\/index.php?rest_route=\/wp\/v2\/types\/post"}],"author":[{"embeddable":true,"href":"https:\/\/zonaroja.com.mx\/index.php?rest_route=\/wp\/v2\/users\/2"}],"replies":[{"embeddable":true,"href":"https:\/\/zonaroja.com.mx\/index.php?rest_route=%2Fwp%2Fv2%2Fcomments&post=86649"}],"version-history":[{"count":1,"href":"https:\/\/zonaroja.com.mx\/index.php?rest_route=\/wp\/v2\/posts\/86649\/revisions"}],"predecessor-version":[{"id":86651,"href":"https:\/\/zonaroja.com.mx\/index.php?rest_route=\/wp\/v2\/posts\/86649\/revisions\/86651"}],"wp:featuredmedia":[{"embeddable":true,"href":"https:\/\/zonaroja.com.mx\/index.php?rest_route=\/wp\/v2\/media\/86650"}],"wp:attachment":[{"href":"https:\/\/zonaroja.com.mx\/index.php?rest_route=%2Fwp%2Fv2%2Fmedia&parent=86649"}],"wp:term":[{"taxonomy":"category","embeddable":true,"href":"https:\/\/zonaroja.com.mx\/index.php?rest_route=%2Fwp%2Fv2%2Fcategories&post=86649"},{"taxonomy":"post_tag","embeddable":true,"href":"https:\/\/zonaroja.com.mx\/index.php?rest_route=%2Fwp%2Fv2%2Ftags&post=86649"}],"curies":[{"name":"wp","href":"https:\/\/api.w.org\/{rel}","templated":true}]}}