{"id":86659,"date":"2025-11-07T17:13:53","date_gmt":"2025-11-07T23:13:53","guid":{"rendered":"https:\/\/zonaroja.com.mx\/?p=86659"},"modified":"2025-11-07T17:13:53","modified_gmt":"2025-11-07T23:13:53","slug":"por-senalamientos-de-nepotismo-la-renuncia-de-noe-jara","status":"publish","type":"post","link":"https:\/\/zonaroja.com.mx\/?p=86659","title":{"rendered":"Por se\u00f1alamientos de nepotismo, la renuncia de No\u00e9 Jara"},"content":{"rendered":"\n<p>Lisbeth Mej\u00eda Reyes\/Zona Roja. <\/p>\n\n\n\n<p>Oaxaca, Oax., a 7 de noviembre de 2025_ Tras negar que haya llegado al cargo por designaci\u00f3n de su hermano, el gobernador Salom\u00f3n Jara Cruz, este viernes renunci\u00f3 como secretario de Gobierno de la ciudad de Oaxaca el pol\u00edtico No\u00e9 Jara Cruz.<\/p>\n\n\n\n<p>El militante del partido Morena reiter\u00f3 que su cargo no fue por nepotismo y que su separaci\u00f3n de la administraci\u00f3n que preside Raymundo Chagoya Villanueva se trata de una decisi\u00f3n personal y compleja que le tom\u00f3 varios meses. <\/p>\n\n\n\n<p>Aunque seguir\u00e1 en la pol\u00edtica, no ser\u00e1 mediante otro cargo p\u00fablico sino desde el \u00abterritorio\u00bb y en pro de la \u00abprimavera oaxaque\u00f1a\u00bb, explic\u00f3. Adem\u00e1s de aclarar que no buscar\u00e1 la presidencia municipal.<\/p>\n\n\n\n<p>\u00abVengo de una familia que lleva la pol\u00edtica en la sangre, una familia que ha sido se\u00f1alada injustamente de nepotismo\u00bb, expres\u00f3 No\u00e9 Jara en la conferencia de prensa desde el palacio municipal, en la que expuso los motivos de su decisi\u00f3n.<\/p>\n\n\n\n<p>El anuncio de la renuncia fue en compa\u00f1\u00eda del presidente municipal, quien consider\u00f3 de gran valor el trabajo de No\u00e9 Jara al frente de la secretar\u00eda de Gobierno y Territorio. <\/p>\n\n\n\n<p>La dependencia es reponsable principalmente de atender los conflictos sociales y de comercio en v\u00eda p\u00fablica que se generan en la ciudad, adem\u00e1s de organizar las elecciones de agentes municipales y los comit\u00e9s vecinales de las casi 300 colonias, fraccionamientos o barrios de la capital.<\/p>\n\n\n\n<p>\u201cRespeto su decisi\u00f3n personal, mas no la comparto\u00bb, dijo Chagoya Villanueva, al reiterar que en su gobierno \u00abno existe ni ha existido la pr\u00e1ctica del nepotismo \u2026 Ning\u00fan lazo de sangre, amistad o parentesco ha estado por encima, jam\u00e1s, del m\u00e9rito, de la capacidad, de los resultados\u00bb.<\/p>\n\n\n\n<p>Chagoya Villanueva argument\u00f3 que su decisi\u00f3n de invitarlo a formar parte de la administraci\u00f3n municipal fue por su trayectoria, \u00abno por ser pariente de ustedes ya saben qui\u00e9n\u00bb.<\/p>\n\n\n\n<p>No\u00e9 Jara Cruz fue el principal impulsor de la candidatura de Chagoya Villanueva, quien lleg\u00f3 a la presidencia de la capital por el Partido Verde Ecologista (aliado de Morena) y posteriormente se afili\u00f3 a Morena.<\/p>\n\n\n\n<p>\u00abNo\u00e9 fue quien invit\u00f3 a un servidor a caminar la ciudad, recorrer las agencias, las colonias, el territorio. Yo estaba en la iniciativa privada y siempre tuve la inquietud, el \u00e1nimo, de servir a la ciudad\u00bb, expres\u00f3 el edil sobre la relaci\u00f3n de amistad que han sostenido por casi cuatro a\u00f1os.<\/p>\n\n\n\n<p>Tras la renuncia de No\u00e9 Jara Cruz, la Secretar\u00eda de Gobierno y Territorio ha quedado sin titular. De acuerdo con el edil, a\u00fan no se ha definido qui\u00e9n asumir\u00e1 el cargo en esta, una de las 10 secretar\u00edas del gabinete municipal.<\/p>\n","protected":false},"excerpt":{"rendered":"<p>Lisbeth Mej\u00eda Reyes\/Zona Roja. Oaxaca, Oax., a 7 de noviembre de 2025_ Tras negar que&hellip;<\/p>\n","protected":false},"author":2,"featured_media":86658,"comment_status":"closed","ping_status":"open","sticky":false,"template":"","format":"standard","meta":{"_lmt_disableupdate":"","_lmt_disable":"","_jetpack_memberships_contains_paid_content":false,"footnotes":""},"categories":[109,46],"tags":[3305],"class_list":["post-86659","post","type-post","status-publish","format-standard","has-post-thumbnail","hentry","category-minuto-a-minuto","category-zona-blanca","tag-noe-jara-cruz"],"jetpack_featured_media_url":"https:\/\/zonaroja.com.mx\/wp-content\/uploads\/2025\/11\/img_0152.jpg","jetpack_sharing_enabled":true,"_links":{"self":[{"href":"https:\/\/zonaroja.com.mx\/index.php?rest_route=\/wp\/v2\/posts\/86659","targetHints":{"allow":["GET"]}}],"collection":[{"href":"https:\/\/zonaroja.com.mx\/index.php?rest_route=\/wp\/v2\/posts"}],"about":[{"href":"https:\/\/zonaroja.com.mx\/index.php?rest_route=\/wp\/v2\/types\/post"}],"author":[{"embeddable":true,"href":"https:\/\/zonaroja.com.mx\/index.php?rest_route=\/wp\/v2\/users\/2"}],"replies":[{"embeddable":true,"href":"https:\/\/zonaroja.com.mx\/index.php?rest_route=%2Fwp%2Fv2%2Fcomments&post=86659"}],"version-history":[{"count":1,"href":"https:\/\/zonaroja.com.mx\/index.php?rest_route=\/wp\/v2\/posts\/86659\/revisions"}],"predecessor-version":[{"id":86660,"href":"https:\/\/zonaroja.com.mx\/index.php?rest_route=\/wp\/v2\/posts\/86659\/revisions\/86660"}],"wp:featuredmedia":[{"embeddable":true,"href":"https:\/\/zonaroja.com.mx\/index.php?rest_route=\/wp\/v2\/media\/86658"}],"wp:attachment":[{"href":"https:\/\/zonaroja.com.mx\/index.php?rest_route=%2Fwp%2Fv2%2Fmedia&parent=86659"}],"wp:term":[{"taxonomy":"category","embeddable":true,"href":"https:\/\/zonaroja.com.mx\/index.php?rest_route=%2Fwp%2Fv2%2Fcategories&post=86659"},{"taxonomy":"post_tag","embeddable":true,"href":"https:\/\/zonaroja.com.mx\/index.php?rest_route=%2Fwp%2Fv2%2Ftags&post=86659"}],"curies":[{"name":"wp","href":"https:\/\/api.w.org\/{rel}","templated":true}]}}